{"id":61042,"date":"2026-04-22T08:10:05","date_gmt":"2026-04-22T11:10:05","guid":{"rendered":"https:\/\/masquenoticiastucuman.com.ar\/?p=61042"},"modified":"2026-04-22T08:10:06","modified_gmt":"2026-04-22T11:10:06","slug":"temblor-en-tucuman-un-sismo-de-2-8-grados-sorprendio-a-la-provincia-durante-la-noche","status":"publish","type":"post","link":"https:\/\/masquenoticiastucuman.com.ar\/?p=61042","title":{"rendered":"Temblor en Tucum\u00e1n: un sismo de 2.8 grados sorprendi\u00f3 a la provincia durante la noche"},"content":{"rendered":"\n<p>El movimiento tel\u00farico se registr\u00f3 a las 23:31 y, debido a su escasa profundidad de apenas 5 kil\u00f3metros, pudo ser percibido por algunos vecinos<\/p>\n\n\n\n<p>Minutos antes de la medianoche del martes se registr\u00f3 un leve temblor al sur de la capital y no fueron pocos los tucumanos que lo sintieron y se volcaron a buscar informaci\u00f3n en las redes sociales.<\/p>\n\n\n\n<p>Seg\u00fan datos aportados por el Instituto Nacional de Prevenci\u00f3n S\u00edsmica (Inpres), el movimiento tuvo una magnitud de 2.8 en la escala Richter y una intensidad considerada muy d\u00e9bil.<\/p>\n\n\n\n<p>De acuerdo con el informe elaborado por el Inpres, el temblor ocurri\u00f3 a las 23.31 fue registrado muy cerca de la localidad de Los Bulacio, a 19 km al sudeste de San Miguel de Tucum\u00e1n; a 34 km al noroeste de Monteros y a 65 km al noroeste de Termas de R\u00edo Hondo.<\/p>\n\n\n\n<p>Con una profundidad de cinco kil\u00f3metros, el movimiento s\u00edsmico fue catalogado como muy d\u00e9bil y en una escala de intensidad II a III. Esto determina que fue sentido levemente por algunas personas en reposo o en edificios de altura, en lugares como San Miguel de Tucum\u00e1n, Taf\u00ed Viejo, Peirano, Lules, Famaill\u00e1, El Mollar, Pala Pala, Santa Rosa de Leales y Estaci\u00f3n Ar\u00e1oz.<\/p>\n","protected":false},"excerpt":{"rendered":"<p>El movimiento tel\u00farico se registr\u00f3 a las 23:31 y, debido a su escasa profundidad de&#8230;<\/p>\n","protected":false},"author":2,"featured_media":61044,"comment_status":"open","ping_status":"open","sticky":false,"template":"","format":"standard","meta":{"footnotes":""},"categories":[2],"tags":[],"class_list":["post-61042","post","type-post","status-publish","format-standard","has-post-thumbnail","hentry","category-locales"],"_links":{"self":[{"href":"https:\/\/masquenoticiastucuman.com.ar\/index.php?rest_route=\/wp\/v2\/posts\/61042","targetHints":{"allow":["GET"]}}],"collection":[{"href":"https:\/\/masquenoticiastucuman.com.ar\/index.php?rest_route=\/wp\/v2\/posts"}],"about":[{"href":"https:\/\/masquenoticiastucuman.com.ar\/index.php?rest_route=\/wp\/v2\/types\/post"}],"author":[{"embeddable":true,"href":"https:\/\/masquenoticiastucuman.com.ar\/index.php?rest_route=\/wp\/v2\/users\/2"}],"replies":[{"embeddable":true,"href":"https:\/\/masquenoticiastucuman.com.ar\/index.php?rest_route=%2Fwp%2Fv2%2Fcomments&post=61042"}],"version-history":[{"count":1,"href":"https:\/\/masquenoticiastucuman.com.ar\/index.php?rest_route=\/wp\/v2\/posts\/61042\/revisions"}],"predecessor-version":[{"id":61045,"href":"https:\/\/masquenoticiastucuman.com.ar\/index.php?rest_route=\/wp\/v2\/posts\/61042\/revisions\/61045"}],"wp:featuredmedia":[{"embeddable":true,"href":"https:\/\/masquenoticiastucuman.com.ar\/index.php?rest_route=\/wp\/v2\/media\/61044"}],"wp:attachment":[{"href":"https:\/\/masquenoticiastucuman.com.ar\/index.php?rest_route=%2Fwp%2Fv2%2Fmedia&parent=61042"}],"wp:term":[{"taxonomy":"category","embeddable":true,"href":"https:\/\/masquenoticiastucuman.com.ar\/index.php?rest_route=%2Fwp%2Fv2%2Fcategories&post=61042"},{"taxonomy":"post_tag","embeddable":true,"href":"https:\/\/masquenoticiastucuman.com.ar\/index.php?rest_route=%2Fwp%2Fv2%2Ftags&post=61042"}],"curies":[{"name":"wp","href":"https:\/\/api.w.org\/{rel}","templated":true}]}}