{"id":61043,"date":"2026-04-22T06:00:12","date_gmt":"2026-04-22T09:00:12","guid":{"rendered":"http:\/\/masquenoticiastucuman.com.ar\/?p=61043"},"modified":"2026-04-22T06:00:12","modified_gmt":"2026-04-22T09:00:12","slug":"los-secretos-del-hotel-familiar-que-cumplio-150-anos-y-donde-nacio-un-postre-legendario-su-receta-original-sigue-siendo-un-misterio","status":"publish","type":"post","link":"https:\/\/masquenoticiastucuman.com.ar\/?p=61043","title":{"rendered":"Los secretos del hotel familiar que cumpli\u00f3 150 a\u00f1os y donde naci\u00f3 un postre legendario: su receta original sigue siendo un misterio"},"content":{"rendered":"<ul>\n<li>El Hotel Sacher de Viena festeja su aniversario.<\/li>\n<li>La torta Sacher fue creada por un aprendiz y hoy es el dulce m\u00e1s famoso de Austria.<\/li>\n<\/ul>\n<p>\u200bEl Hotel Sacher de Viena festeja su aniversario.La torta Sacher fue creada por un aprendiz y hoy es el dulce m\u00e1s famoso de Austria.\u00a0<a href=\"https:\/\/www.clarin.com\/viajes\/secretos-hotel-familiar-cumplio-150-anos-nacio-postre-legendario-receta-original-sigue-misterio_0_ehOQigEMRr.html\" target=\"_blank\" class=\"feedzy-rss-link-icon\">Read More<\/a><\/p>","protected":false},"excerpt":{"rendered":"<p>El Hotel Sacher de Viena festeja su aniversario. La torta Sacher fue creada por un&#8230;<\/p>\n","protected":false},"author":1,"featured_media":0,"comment_status":"open","ping_status":"open","sticky":false,"template":"","format":"standard","meta":{"footnotes":""},"categories":[7],"tags":[],"class_list":["post-61043","post","type-post","status-publish","format-standard","has-post-thumbnail","hentry","category-turismo"],"_links":{"self":[{"href":"https:\/\/masquenoticiastucuman.com.ar\/index.php?rest_route=\/wp\/v2\/posts\/61043","targetHints":{"allow":["GET"]}}],"collection":[{"href":"https:\/\/masquenoticiastucuman.com.ar\/index.php?rest_route=\/wp\/v2\/posts"}],"about":[{"href":"https:\/\/masquenoticiastucuman.com.ar\/index.php?rest_route=\/wp\/v2\/types\/post"}],"author":[{"embeddable":true,"href":"https:\/\/masquenoticiastucuman.com.ar\/index.php?rest_route=\/wp\/v2\/users\/1"}],"replies":[{"embeddable":true,"href":"https:\/\/masquenoticiastucuman.com.ar\/index.php?rest_route=%2Fwp%2Fv2%2Fcomments&post=61043"}],"version-history":[{"count":0,"href":"https:\/\/masquenoticiastucuman.com.ar\/index.php?rest_route=\/wp\/v2\/posts\/61043\/revisions"}],"wp:attachment":[{"href":"https:\/\/masquenoticiastucuman.com.ar\/index.php?rest_route=%2Fwp%2Fv2%2Fmedia&parent=61043"}],"wp:term":[{"taxonomy":"category","embeddable":true,"href":"https:\/\/masquenoticiastucuman.com.ar\/index.php?rest_route=%2Fwp%2Fv2%2Fcategories&post=61043"},{"taxonomy":"post_tag","embeddable":true,"href":"https:\/\/masquenoticiastucuman.com.ar\/index.php?rest_route=%2Fwp%2Fv2%2Ftags&post=61043"}],"curies":[{"name":"wp","href":"https:\/\/api.w.org\/{rel}","templated":true}]}}