{"id":61053,"date":"2026-04-22T09:33:27","date_gmt":"2026-04-22T12:33:27","guid":{"rendered":"https:\/\/masquenoticiastucuman.com.ar\/?p=61053"},"modified":"2026-04-22T09:33:27","modified_gmt":"2026-04-22T12:33:27","slug":"trasladaron-a-pelain-nassif-al-penal-de-benjamin-paz","status":"publish","type":"post","link":"https:\/\/masquenoticiastucuman.com.ar\/?p=61053","title":{"rendered":"Trasladaron a \u201cPela\u00edn\u201d Nassif al penal de Benjam\u00edn Paz"},"content":{"rendered":"\n<p>El imputado cumplir\u00e1 una prisi\u00f3n preventiva por cuatro meses dispuesta por la Justicia tras su captura durante el fin de semana.<\/p>\n\n\n\n<p id=\"isPasted\">Este martes, el oficial principal&nbsp;<strong>Jorge V\u00e1ldez<\/strong>, a cargo de la Direcci\u00f3n de Drogas Peligrosas Concepci\u00f3n, inform\u00f3 sobre el operativo: \u201cEn la fecha se va a realizar el traslado del imputado&nbsp;<strong>Jorge Nassif, alias \u2018Pela\u00edn\u2019,<\/strong>&nbsp;hacia el penal de Benjam\u00edn Paz, conforme a lo dispuesto por su se\u00f1or\u00eda Juan Fernando Saracho Daza, luego de dictarse en la fecha la prisi\u00f3n preventiva por cuatro meses\u201d.<\/p>\n\n\n\n<figure class=\"wp-block-image size-large\"><img loading=\"lazy\" decoding=\"async\" width=\"1024\" height=\"768\" src=\"https:\/\/masquenoticiastucuman.com.ar\/wp-content\/uploads\/2026\/04\/260422081225_89131-1024x768.jpg\" alt=\"\" class=\"wp-image-61054\" srcset=\"https:\/\/masquenoticiastucuman.com.ar\/wp-content\/uploads\/2026\/04\/260422081225_89131-1024x768.jpg 1024w, https:\/\/masquenoticiastucuman.com.ar\/wp-content\/uploads\/2026\/04\/260422081225_89131-300x225.jpg 300w, https:\/\/masquenoticiastucuman.com.ar\/wp-content\/uploads\/2026\/04\/260422081225_89131-768x576.jpg 768w, https:\/\/masquenoticiastucuman.com.ar\/wp-content\/uploads\/2026\/04\/260422081225_89131-1536x1152.jpg 1536w, https:\/\/masquenoticiastucuman.com.ar\/wp-content\/uploads\/2026\/04\/260422081225_89131-2048x1536.jpg 2048w\" sizes=\"auto, (max-width: 1024px) 100vw, 1024px\" \/><\/figure>\n\n\n\n<p>Luego, agreg\u00f3 que el procedimiento se lleva a cabo bajo los lineamientos emanados por el gobernador Osvaldo Jaldo, el ministro de Seguridad Eugenio Ag\u00fcero Gamboa, el jefe y subjefe de Polic\u00eda. Y se\u00f1al\u00f3 que para concretar el traslado, que se efectu\u00f3 desde la Comisar\u00eda de Concepci\u00f3n hacia el penal de Benjam\u00edn Paz, se cont\u00f3 con el apoyo de efectivos del Cuerpo Especial de Rescate y Operaciones CERO.<\/p>\n\n\n\n<p>A su turno, el comisario general (R) Antonio Quinteros, director del Servicio Penitenciario de Tucum\u00e1n, expres\u00f3 en la que confirm\u00f3 el ingreso del interno Jorge Alejandro Nassif, conocido como \u201cPela\u00edn\u201d, de 41 a\u00f1os de edad, oriundo de la ciudad de Famaill\u00e1, al penal de Benjam\u00edn Paz.<\/p>\n\n\n\n<p>Seguidamente, Quinteros indic\u00f3: \u201cEl mismo, despu\u00e9s de realizar todos los servicios m\u00e9dicos y de ser controlado, fue alojado en la Unidad N\u00b0 7 bajo estricta vigilancia\u201d.<\/p>\n\n\n\n<p>Por su parte, el subprefecto Ra\u00fal Meli\u00e1n, director del Complejo Penitenciario Benjam\u00edn Paz, explic\u00f3: \u201cEl d\u00eda de la fecha ingres\u00f3 el interno Nassif al complejo penitenciario. En el mismo momento que ingresa, se hace la recepci\u00f3n, ya es abordado por el cuerpo interdisciplinario del complejo y se empieza a abocar directamente a los diferentes programas de lo que hace el r\u00e9gimen interno de la instituci\u00f3n, donde deber\u00e1 concretar cierta norma de conducta al respecto y a la vez obedecer a la misma. Esto llevar\u00e1 al tema de que \u00e9l dentro del complejo no pueda tener tel\u00e9fonos celulares, como es parte del r\u00e9gimen, y tambi\u00e9n tendr\u00e1 diferenciado el tema de las visitas, el ingreso de pertenencias, todo debidamente controlado y establecido\u201d.<\/p>\n\n\n\n<p>Finalmente, Meli\u00e1n recalc\u00f3 que todo se realiza bajo los lineamientos del Gobierno de la Provincia, del Ministerio de Seguridad y en coordinaci\u00f3n con la Jefatura de la Polic\u00eda, para poder dar cumplimiento a las \u00f3rdenes emanadas y que el interno, una vez alojado, comience a cumplir el proceso judicial correspondiente.<\/p>\n","protected":false},"excerpt":{"rendered":"<p>El imputado cumplir\u00e1 una prisi\u00f3n preventiva por cuatro meses dispuesta por la Justicia tras su&#8230;<\/p>\n","protected":false},"author":2,"featured_media":61055,"comment_status":"open","ping_status":"open","sticky":false,"template":"","format":"standard","meta":{"footnotes":""},"categories":[2],"tags":[],"class_list":["post-61053","post","type-post","status-publish","format-standard","has-post-thumbnail","hentry","category-locales"],"_links":{"self":[{"href":"https:\/\/masquenoticiastucuman.com.ar\/index.php?rest_route=\/wp\/v2\/posts\/61053","targetHints":{"allow":["GET"]}}],"collection":[{"href":"https:\/\/masquenoticiastucuman.com.ar\/index.php?rest_route=\/wp\/v2\/posts"}],"about":[{"href":"https:\/\/masquenoticiastucuman.com.ar\/index.php?rest_route=\/wp\/v2\/types\/post"}],"author":[{"embeddable":true,"href":"https:\/\/masquenoticiastucuman.com.ar\/index.php?rest_route=\/wp\/v2\/users\/2"}],"replies":[{"embeddable":true,"href":"https:\/\/masquenoticiastucuman.com.ar\/index.php?rest_route=%2Fwp%2Fv2%2Fcomments&post=61053"}],"version-history":[{"count":1,"href":"https:\/\/masquenoticiastucuman.com.ar\/index.php?rest_route=\/wp\/v2\/posts\/61053\/revisions"}],"predecessor-version":[{"id":61056,"href":"https:\/\/masquenoticiastucuman.com.ar\/index.php?rest_route=\/wp\/v2\/posts\/61053\/revisions\/61056"}],"wp:featuredmedia":[{"embeddable":true,"href":"https:\/\/masquenoticiastucuman.com.ar\/index.php?rest_route=\/wp\/v2\/media\/61055"}],"wp:attachment":[{"href":"https:\/\/masquenoticiastucuman.com.ar\/index.php?rest_route=%2Fwp%2Fv2%2Fmedia&parent=61053"}],"wp:term":[{"taxonomy":"category","embeddable":true,"href":"https:\/\/masquenoticiastucuman.com.ar\/index.php?rest_route=%2Fwp%2Fv2%2Fcategories&post=61053"},{"taxonomy":"post_tag","embeddable":true,"href":"https:\/\/masquenoticiastucuman.com.ar\/index.php?rest_route=%2Fwp%2Fv2%2Ftags&post=61053"}],"curies":[{"name":"wp","href":"https:\/\/api.w.org\/{rel}","templated":true}]}}