{"id":61059,"date":"2026-04-22T09:43:56","date_gmt":"2026-04-22T12:43:56","guid":{"rendered":"http:\/\/masquenoticiastucuman.com.ar\/?p=61059"},"modified":"2026-04-22T09:43:56","modified_gmt":"2026-04-22T12:43:56","slug":"donald-trump-lee-la-biblia-en-un-evento-religioso-en-medio-de-la-guerra-con-iran-y-tensiones-con-el-papa-leon-xiv","status":"publish","type":"post","link":"https:\/\/masquenoticiastucuman.com.ar\/?p=61059","title":{"rendered":"Donald Trump lee la Biblia en un evento religioso en medio de la guerra con Ir\u00e1n y tensiones con el Papa Le\u00f3n XIV"},"content":{"rendered":"<ul>\n<li>El presidente de EE.UU. particip\u00f3 a trav\u00e9s de un video en una lectura masiva organizada por una entidad religiosa.<\/li>\n<li>Otros funcionarios de su gobierno y l\u00edderes republicanos se unieron a la actividad, parte de las conmemoraciones por el 250\u00b0 aniversario de la independencia del pa\u00eds.<\/li>\n<\/ul>\n<p>\u200bEl presidente de EE.UU. particip\u00f3 a trav\u00e9s de un video en una lectura masiva organizada por una entidad religiosa.Otros funcionarios de su gobierno y l\u00edderes republicanos se unieron a la actividad, parte de las conmemoraciones por el 250\u00b0 aniversario de la independencia del pa\u00eds.\u00a0<a href=\"https:\/\/www.clarin.com\/mundo\/donald-trump-lee-biblia-evento-religioso-medio-guerra-iran-tensiones-papa-leon-xiv_0_fAuRsWEn67.html\" target=\"_blank\" class=\"feedzy-rss-link-icon\">Read More<\/a><\/p>","protected":false},"excerpt":{"rendered":"<p>El presidente de EE.UU. particip\u00f3 a trav\u00e9s de un video en una lectura masiva organizada&#8230;<\/p>\n","protected":false},"author":1,"featured_media":61060,"comment_status":"open","ping_status":"open","sticky":false,"template":"","format":"standard","meta":{"footnotes":""},"categories":[4],"tags":[],"class_list":["post-61059","post","type-post","status-publish","format-standard","has-post-thumbnail","hentry","category-internacionales"],"_links":{"self":[{"href":"https:\/\/masquenoticiastucuman.com.ar\/index.php?rest_route=\/wp\/v2\/posts\/61059","targetHints":{"allow":["GET"]}}],"collection":[{"href":"https:\/\/masquenoticiastucuman.com.ar\/index.php?rest_route=\/wp\/v2\/posts"}],"about":[{"href":"https:\/\/masquenoticiastucuman.com.ar\/index.php?rest_route=\/wp\/v2\/types\/post"}],"author":[{"embeddable":true,"href":"https:\/\/masquenoticiastucuman.com.ar\/index.php?rest_route=\/wp\/v2\/users\/1"}],"replies":[{"embeddable":true,"href":"https:\/\/masquenoticiastucuman.com.ar\/index.php?rest_route=%2Fwp%2Fv2%2Fcomments&post=61059"}],"version-history":[{"count":0,"href":"https:\/\/masquenoticiastucuman.com.ar\/index.php?rest_route=\/wp\/v2\/posts\/61059\/revisions"}],"wp:featuredmedia":[{"embeddable":true,"href":"https:\/\/masquenoticiastucuman.com.ar\/index.php?rest_route=\/wp\/v2\/media\/61060"}],"wp:attachment":[{"href":"https:\/\/masquenoticiastucuman.com.ar\/index.php?rest_route=%2Fwp%2Fv2%2Fmedia&parent=61059"}],"wp:term":[{"taxonomy":"category","embeddable":true,"href":"https:\/\/masquenoticiastucuman.com.ar\/index.php?rest_route=%2Fwp%2Fv2%2Fcategories&post=61059"},{"taxonomy":"post_tag","embeddable":true,"href":"https:\/\/masquenoticiastucuman.com.ar\/index.php?rest_route=%2Fwp%2Fv2%2Ftags&post=61059"}],"curies":[{"name":"wp","href":"https:\/\/api.w.org\/{rel}","templated":true}]}}