{"id":61061,"date":"2026-04-22T09:02:29","date_gmt":"2026-04-22T12:02:29","guid":{"rendered":"http:\/\/masquenoticiastucuman.com.ar\/?p=61061"},"modified":"2026-04-22T09:02:29","modified_gmt":"2026-04-22T12:02:29","slug":"condiciones-necesarias-y-razonable-que-pide-iran-para-volver-a-negociar-con-trump-mientras-se-agrava-el-conflicto-en-ormuz","status":"publish","type":"post","link":"https:\/\/masquenoticiastucuman.com.ar\/?p=61061","title":{"rendered":"&#8220;Condiciones necesarias y razonable&#8221;: qu\u00e9 pide Ir\u00e1n para volver a negociar con Trump mientras se agrava el conflicto en Ormuz"},"content":{"rendered":"<ul>\n<li>El Ministerio de Exteriores iran\u00ed, Ismail Bagaei, plante\u00f3 las pretensiones del r\u00e9gimen tras la extensi\u00f3n de la tregua.<\/li>\n<li>La Guardia Revolucionaria atac\u00f3 y secuestr\u00f3 buques en el estrecho de Ormuz.<\/li>\n<\/ul>\n<p>\u200bEl Ministerio de Exteriores iran\u00ed, Ismail Bagaei, plante\u00f3 las pretensiones del r\u00e9gimen tras la extensi\u00f3n de la tregua.La Guardia Revolucionaria atac\u00f3 y secuestr\u00f3 buques en el estrecho de Ormuz.\u00a0<a href=\"https:\/\/www.clarin.com\/mundo\/condiciones-necesarias-razonable-pide-iran-volver-negociar-trump-agrava-conflicto-ormuz_0_fIrLagablJ.html\" target=\"_blank\" class=\"feedzy-rss-link-icon\">Read More<\/a><\/p>","protected":false},"excerpt":{"rendered":"<p>El Ministerio de Exteriores iran\u00ed, Ismail Bagaei, plante\u00f3 las pretensiones del r\u00e9gimen tras la extensi\u00f3n&#8230;<\/p>\n","protected":false},"author":1,"featured_media":61062,"comment_status":"open","ping_status":"open","sticky":false,"template":"","format":"standard","meta":{"footnotes":""},"categories":[4],"tags":[],"class_list":["post-61061","post","type-post","status-publish","format-standard","has-post-thumbnail","hentry","category-internacionales"],"_links":{"self":[{"href":"https:\/\/masquenoticiastucuman.com.ar\/index.php?rest_route=\/wp\/v2\/posts\/61061","targetHints":{"allow":["GET"]}}],"collection":[{"href":"https:\/\/masquenoticiastucuman.com.ar\/index.php?rest_route=\/wp\/v2\/posts"}],"about":[{"href":"https:\/\/masquenoticiastucuman.com.ar\/index.php?rest_route=\/wp\/v2\/types\/post"}],"author":[{"embeddable":true,"href":"https:\/\/masquenoticiastucuman.com.ar\/index.php?rest_route=\/wp\/v2\/users\/1"}],"replies":[{"embeddable":true,"href":"https:\/\/masquenoticiastucuman.com.ar\/index.php?rest_route=%2Fwp%2Fv2%2Fcomments&post=61061"}],"version-history":[{"count":0,"href":"https:\/\/masquenoticiastucuman.com.ar\/index.php?rest_route=\/wp\/v2\/posts\/61061\/revisions"}],"wp:featuredmedia":[{"embeddable":true,"href":"https:\/\/masquenoticiastucuman.com.ar\/index.php?rest_route=\/wp\/v2\/media\/61062"}],"wp:attachment":[{"href":"https:\/\/masquenoticiastucuman.com.ar\/index.php?rest_route=%2Fwp%2Fv2%2Fmedia&parent=61061"}],"wp:term":[{"taxonomy":"category","embeddable":true,"href":"https:\/\/masquenoticiastucuman.com.ar\/index.php?rest_route=%2Fwp%2Fv2%2Fcategories&post=61061"},{"taxonomy":"post_tag","embeddable":true,"href":"https:\/\/masquenoticiastucuman.com.ar\/index.php?rest_route=%2Fwp%2Fv2%2Ftags&post=61061"}],"curies":[{"name":"wp","href":"https:\/\/api.w.org\/{rel}","templated":true}]}}