{"id":61063,"date":"2026-04-22T09:01:26","date_gmt":"2026-04-22T12:01:26","guid":{"rendered":"http:\/\/masquenoticiastucuman.com.ar\/?p=61063"},"modified":"2026-04-22T09:01:26","modified_gmt":"2026-04-22T12:01:26","slug":"ranking-de-netflix-en-republica-dominicana-las-10-peliculas-mas-vistas-de-la-semana-con-embestida-a-la-cabeza","status":"publish","type":"post","link":"https:\/\/masquenoticiastucuman.com.ar\/?p=61063","title":{"rendered":"Ranking de Netflix en Rep\u00fablica Dominicana: las 10 pel\u00edculas m\u00e1s vistas de la semana, con \u201cEmbestida\u201d a la cabeza"},"content":{"rendered":"<ul>\n<li>Netflix actualiza cada semana el listado de las mejores pel\u00edculas en Rep\u00fablica Dominicana.<\/li>\n<li>Hay un amplio cat\u00e1logo de historias para maratonear, entre estrenos recientes y cl\u00e1sicos de siempre.<\/li>\n<\/ul>\n<p>\u200bNetflix actualiza cada semana el listado de las mejores pel\u00edculas en Rep\u00fablica Dominicana.Hay un amplio cat\u00e1logo de historias para maratonear, entre estrenos recientes y cl\u00e1sicos de siempre.\u00a0<a href=\"https:\/\/www.clarin.com\/espectaculos\/ranking-de-netflix-en-republica-dominicana-las-10-peliculas-mas-vistas-de-la-semana-con-embestida-a-la-cabeza_0_jayGj0lK1I.html\" target=\"_blank\" class=\"feedzy-rss-link-icon\">Read More<\/a><\/p>","protected":false},"excerpt":{"rendered":"<p>Netflix actualiza cada semana el listado de las mejores pel\u00edculas en Rep\u00fablica Dominicana. Hay un&#8230;<\/p>\n","protected":false},"author":1,"featured_media":0,"comment_status":"open","ping_status":"open","sticky":false,"template":"","format":"standard","meta":{"footnotes":""},"categories":[5],"tags":[],"class_list":["post-61063","post","type-post","status-publish","format-standard","hentry","category-espectaculo"],"_links":{"self":[{"href":"https:\/\/masquenoticiastucuman.com.ar\/index.php?rest_route=\/wp\/v2\/posts\/61063","targetHints":{"allow":["GET"]}}],"collection":[{"href":"https:\/\/masquenoticiastucuman.com.ar\/index.php?rest_route=\/wp\/v2\/posts"}],"about":[{"href":"https:\/\/masquenoticiastucuman.com.ar\/index.php?rest_route=\/wp\/v2\/types\/post"}],"author":[{"embeddable":true,"href":"https:\/\/masquenoticiastucuman.com.ar\/index.php?rest_route=\/wp\/v2\/users\/1"}],"replies":[{"embeddable":true,"href":"https:\/\/masquenoticiastucuman.com.ar\/index.php?rest_route=%2Fwp%2Fv2%2Fcomments&post=61063"}],"version-history":[{"count":0,"href":"https:\/\/masquenoticiastucuman.com.ar\/index.php?rest_route=\/wp\/v2\/posts\/61063\/revisions"}],"wp:attachment":[{"href":"https:\/\/masquenoticiastucuman.com.ar\/index.php?rest_route=%2Fwp%2Fv2%2Fmedia&parent=61063"}],"wp:term":[{"taxonomy":"category","embeddable":true,"href":"https:\/\/masquenoticiastucuman.com.ar\/index.php?rest_route=%2Fwp%2Fv2%2Fcategories&post=61063"},{"taxonomy":"post_tag","embeddable":true,"href":"https:\/\/masquenoticiastucuman.com.ar\/index.php?rest_route=%2Fwp%2Fv2%2Ftags&post=61063"}],"curies":[{"name":"wp","href":"https:\/\/api.w.org\/{rel}","templated":true}]}}