{"id":61064,"date":"2026-04-22T09:37:38","date_gmt":"2026-04-22T12:37:38","guid":{"rendered":"http:\/\/masquenoticiastucuman.com.ar\/?p=61064"},"modified":"2026-04-22T09:37:38","modified_gmt":"2026-04-22T12:37:38","slug":"frank-kudelka-choco-en-rosario-una-mujer-resulto-herida-y-el-dt-de-newells-fue-escoltado-por-la-policia-para-declarar","status":"publish","type":"post","link":"https:\/\/masquenoticiastucuman.com.ar\/?p=61064","title":{"rendered":"Frank Kudelka choc\u00f3 en Rosario: una mujer result\u00f3 herida y el DT de Newell&#8217;s fue escoltado por la polic\u00eda para declarar"},"content":{"rendered":"<ul>\n<li>El plantel leproso tuvo que retrasar el inicio del entrenamiento en el predio Bella Vista.<\/li>\n<\/ul>\n<p>\u200bEl plantel leproso tuvo que retrasar el inicio del entrenamiento en el predio Bella Vista.\u00a0<a href=\"https:\/\/www.clarin.com\/deportes\/frank-kudelka-choco-rosario-mujer-resulto-herida-dt-newells-escoltado-policia-declarar_0_36s66CoEJ7.html\" target=\"_blank\" class=\"feedzy-rss-link-icon\">Read More<\/a><\/p>","protected":false},"excerpt":{"rendered":"<p>El plantel leproso tuvo que retrasar el inicio del entrenamiento en el predio Bella Vista&#8230;.<\/p>\n","protected":false},"author":1,"featured_media":0,"comment_status":"open","ping_status":"open","sticky":false,"template":"","format":"standard","meta":{"footnotes":""},"categories":[6],"tags":[],"class_list":["post-61064","post","type-post","status-publish","format-standard","has-post-thumbnail","hentry","category-deportes"],"_links":{"self":[{"href":"https:\/\/masquenoticiastucuman.com.ar\/index.php?rest_route=\/wp\/v2\/posts\/61064","targetHints":{"allow":["GET"]}}],"collection":[{"href":"https:\/\/masquenoticiastucuman.com.ar\/index.php?rest_route=\/wp\/v2\/posts"}],"about":[{"href":"https:\/\/masquenoticiastucuman.com.ar\/index.php?rest_route=\/wp\/v2\/types\/post"}],"author":[{"embeddable":true,"href":"https:\/\/masquenoticiastucuman.com.ar\/index.php?rest_route=\/wp\/v2\/users\/1"}],"replies":[{"embeddable":true,"href":"https:\/\/masquenoticiastucuman.com.ar\/index.php?rest_route=%2Fwp%2Fv2%2Fcomments&post=61064"}],"version-history":[{"count":0,"href":"https:\/\/masquenoticiastucuman.com.ar\/index.php?rest_route=\/wp\/v2\/posts\/61064\/revisions"}],"wp:attachment":[{"href":"https:\/\/masquenoticiastucuman.com.ar\/index.php?rest_route=%2Fwp%2Fv2%2Fmedia&parent=61064"}],"wp:term":[{"taxonomy":"category","embeddable":true,"href":"https:\/\/masquenoticiastucuman.com.ar\/index.php?rest_route=%2Fwp%2Fv2%2Fcategories&post=61064"},{"taxonomy":"post_tag","embeddable":true,"href":"https:\/\/masquenoticiastucuman.com.ar\/index.php?rest_route=%2Fwp%2Fv2%2Ftags&post=61064"}],"curies":[{"name":"wp","href":"https:\/\/api.w.org\/{rel}","templated":true}]}}