{"id":61066,"date":"2026-04-22T11:06:32","date_gmt":"2026-04-22T14:06:32","guid":{"rendered":"https:\/\/masquenoticiastucuman.com.ar\/?p=61066"},"modified":"2026-04-22T11:06:33","modified_gmt":"2026-04-22T14:06:33","slug":"una-evacuacion-sanitaria-aerea-permitio-el-traslado-de-un-bebe-al-hospital-garrahan-para-continuar-su-tratamiento","status":"publish","type":"post","link":"https:\/\/masquenoticiastucuman.com.ar\/?p=61066","title":{"rendered":"Una evacuaci\u00f3n sanitaria a\u00e9rea permiti\u00f3 el traslado de un beb\u00e9 al Hospital Garrahan para continuar su tratamiento"},"content":{"rendered":"\n<p>En la oportunidad se concret\u00f3 adem\u00e1s el viaje de una nena de 12 a\u00f1os, para estudios y tratamiento por diagn\u00f3stico de vejiga neurog\u00e9nica, derivada por el Hospital Avellaneda<\/p>\n\n\n\n<p>El Ministerio de Salud P\u00fablica realiz\u00f3 un operativo MEDEVAC, trasladando a un beb\u00e9 de 58 d\u00edas de vida, con diagn\u00f3stico de hiperinsulinismo, que se encontraba internado en el Servicio de Neonatolog\u00eda del Hospital Eva Per\u00f3n, y fue derivado y aceptado en el Hospital Garrahan, asegurando la atenci\u00f3n especializada, gracias al apoyo del gobernador&nbsp;<strong>Osvaldo Jaldo<\/strong>&nbsp;y los lineamientos del doctor&nbsp;<strong>Luis Medina Ruiz.<\/strong><\/p>\n\n\n\n<figure class=\"wp-block-image size-large\"><img loading=\"lazy\" decoding=\"async\" width=\"1024\" height=\"611\" src=\"https:\/\/masquenoticiastucuman.com.ar\/wp-content\/uploads\/2026\/04\/92976_20260422103956-1024x611.jpg\" alt=\"\" class=\"wp-image-61067\" srcset=\"https:\/\/masquenoticiastucuman.com.ar\/wp-content\/uploads\/2026\/04\/92976_20260422103956-1024x611.jpg 1024w, https:\/\/masquenoticiastucuman.com.ar\/wp-content\/uploads\/2026\/04\/92976_20260422103956-300x179.jpg 300w, https:\/\/masquenoticiastucuman.com.ar\/wp-content\/uploads\/2026\/04\/92976_20260422103956-768x458.jpg 768w, https:\/\/masquenoticiastucuman.com.ar\/wp-content\/uploads\/2026\/04\/92976_20260422103956.jpg 1200w\" sizes=\"auto, (max-width: 1024px) 100vw, 1024px\" \/><\/figure>\n\n\n\n<p>En la oportunidad se concret\u00f3 adem\u00e1s el viaje de una nena de 12 a\u00f1os, para estudios y tratamiento por diagn\u00f3stico de vejiga neurog\u00e9nica, derivada por el Hospital Avellaneda.<\/p>\n\n\n\n<p>La directora de Evacuaciones Sanitarias, doctora&nbsp;<strong>Patricia Villagra<\/strong>, inform\u00f3 que el beb\u00e9 viaj\u00f3 en condiciones estables, y que, por presentar episodios de desaturaci\u00f3n se coloc\u00f3 ox\u00edgeno a bajo flujo con c\u00e1nula nasal, con v\u00eda central permeable y sonda nasog\u00e1strica para alimentaci\u00f3n. En tanto la menor viaj\u00f3 estable cl\u00ednicamente, con par\u00e1metros normales de acuerdo a su patolog\u00eda de base.<\/p>\n\n\n\n<figure class=\"wp-block-image size-large\"><img loading=\"lazy\" decoding=\"async\" width=\"1024\" height=\"612\" src=\"https:\/\/masquenoticiastucuman.com.ar\/wp-content\/uploads\/2026\/04\/92976_20260422104005-1024x612.jpg\" alt=\"\" class=\"wp-image-61068\" srcset=\"https:\/\/masquenoticiastucuman.com.ar\/wp-content\/uploads\/2026\/04\/92976_20260422104005-1024x612.jpg 1024w, https:\/\/masquenoticiastucuman.com.ar\/wp-content\/uploads\/2026\/04\/92976_20260422104005-300x179.jpg 300w, https:\/\/masquenoticiastucuman.com.ar\/wp-content\/uploads\/2026\/04\/92976_20260422104005-768x459.jpg 768w, https:\/\/masquenoticiastucuman.com.ar\/wp-content\/uploads\/2026\/04\/92976_20260422104005.jpg 1200w\" sizes=\"auto, (max-width: 1024px) 100vw, 1024px\" \/><\/figure>\n\n\n\n<p>Villagra conform\u00f3 equipo con los licenciados en enfermer\u00eda\u00a0<strong>Florencia Blac Sleiman<\/strong>\u00a0y<strong>\u00a0Fernando Ram\u00edrez.<\/strong>\u00a0Los pacientes fueron acompa\u00f1ados por sus madres quienes fueron asesoradas, guiadas y contenidas por trabajadores sociales de los hospitales derivantes, mientras desde la Divisi\u00f3n de Servicio Social Central del Siprosa, se coordin\u00f3 con Servicio Social de la Casa de Tucum\u00e1n en CABA, para el seguimiento y contenci\u00f3n durante la permanencia en esa ciudad.<\/p>\n\n\n\n<p>La aeronave sanitaria estuvo a cargo del comandante&nbsp;<strong>Miguel Urtubey<\/strong>&nbsp;y la copiloto&nbsp;<strong>Andrea Heredia<\/strong>, quienes llevaron adelante el vuelo sanitario. En tanto, en el vuelo de regreso, se facilit\u00f3 el traslado de un ni\u00f1o de 4 a\u00f1os, posterior a estudios pre quir\u00fargicos de alta complejidad realizados en el Hospital Garrahan, en compa\u00f1\u00eda de sus padres, fortaleciendo as\u00ed el acompa\u00f1amiento integral a las familias en este tipo de situaciones complejas.<\/p>\n","protected":false},"excerpt":{"rendered":"<p>En la oportunidad se concret\u00f3 adem\u00e1s el viaje de una nena de 12 a\u00f1os, para&#8230;<\/p>\n","protected":false},"author":2,"featured_media":61069,"comment_status":"open","ping_status":"open","sticky":false,"template":"","format":"standard","meta":{"footnotes":""},"categories":[2],"tags":[],"class_list":["post-61066","post","type-post","status-publish","format-standard","has-post-thumbnail","hentry","category-locales"],"_links":{"self":[{"href":"https:\/\/masquenoticiastucuman.com.ar\/index.php?rest_route=\/wp\/v2\/posts\/61066","targetHints":{"allow":["GET"]}}],"collection":[{"href":"https:\/\/masquenoticiastucuman.com.ar\/index.php?rest_route=\/wp\/v2\/posts"}],"about":[{"href":"https:\/\/masquenoticiastucuman.com.ar\/index.php?rest_route=\/wp\/v2\/types\/post"}],"author":[{"embeddable":true,"href":"https:\/\/masquenoticiastucuman.com.ar\/index.php?rest_route=\/wp\/v2\/users\/2"}],"replies":[{"embeddable":true,"href":"https:\/\/masquenoticiastucuman.com.ar\/index.php?rest_route=%2Fwp%2Fv2%2Fcomments&post=61066"}],"version-history":[{"count":1,"href":"https:\/\/masquenoticiastucuman.com.ar\/index.php?rest_route=\/wp\/v2\/posts\/61066\/revisions"}],"predecessor-version":[{"id":61070,"href":"https:\/\/masquenoticiastucuman.com.ar\/index.php?rest_route=\/wp\/v2\/posts\/61066\/revisions\/61070"}],"wp:featuredmedia":[{"embeddable":true,"href":"https:\/\/masquenoticiastucuman.com.ar\/index.php?rest_route=\/wp\/v2\/media\/61069"}],"wp:attachment":[{"href":"https:\/\/masquenoticiastucuman.com.ar\/index.php?rest_route=%2Fwp%2Fv2%2Fmedia&parent=61066"}],"wp:term":[{"taxonomy":"category","embeddable":true,"href":"https:\/\/masquenoticiastucuman.com.ar\/index.php?rest_route=%2Fwp%2Fv2%2Fcategories&post=61066"},{"taxonomy":"post_tag","embeddable":true,"href":"https:\/\/masquenoticiastucuman.com.ar\/index.php?rest_route=%2Fwp%2Fv2%2Ftags&post=61066"}],"curies":[{"name":"wp","href":"https:\/\/api.w.org\/{rel}","templated":true}]}}