{"id":61071,"date":"2026-04-22T10:12:33","date_gmt":"2026-04-22T13:12:33","guid":{"rendered":"http:\/\/masquenoticiastucuman.com.ar\/?p=61071"},"modified":"2026-04-22T10:12:33","modified_gmt":"2026-04-22T13:12:33","slug":"juicio-por-ypf-el-fondo-burford-confirmo-que-ira-a-un-tribunal-internacional-para-continuar-la-demanda-contra-la-argentina","status":"publish","type":"post","link":"https:\/\/masquenoticiastucuman.com.ar\/?p=61071","title":{"rendered":"Juicio por YPF: el fondo Burford confirm\u00f3 que ir\u00e1 a un tribunal internacional para continuar la demanda contra la Argentina"},"content":{"rendered":"<ul>\n<li>Los demandantes anticiparon que acudir\u00e1 al CIADI, un organismo de arbitraje que depende del Banco Mundial.<\/li>\n<li>Tambi\u00e9n buscar\u00e1n una revisi\u00f3n del fallo a la Corte de Apelaciones que favoreci\u00f3 a la Argentina.<\/li>\n<\/ul>\n<p>\u200bLos demandantes anticiparon que acudir\u00e1 al CIADI, un organismo de arbitraje que depende del Banco Mundial.Tambi\u00e9n buscar\u00e1n una revisi\u00f3n del fallo a la Corte de Apelaciones que favoreci\u00f3 a la Argentina.\u00a0<a href=\"https:\/\/www.clarin.com\/economia\/juicio-ypf-demandantes-confirmaron-iran-tribunal-internacional-continuar-demanda_0_Oq6DRAiXm0.html\" target=\"_blank\" class=\"feedzy-rss-link-icon\">Read More<\/a><\/p>","protected":false},"excerpt":{"rendered":"<p>Los demandantes anticiparon que acudir\u00e1 al CIADI, un organismo de arbitraje que depende del Banco&#8230;<\/p>\n","protected":false},"author":1,"featured_media":0,"comment_status":"open","ping_status":"open","sticky":false,"template":"","format":"standard","meta":{"footnotes":""},"categories":[3],"tags":[],"class_list":["post-61071","post","type-post","status-publish","format-standard","has-post-thumbnail","hentry","category-nacionales"],"_links":{"self":[{"href":"https:\/\/masquenoticiastucuman.com.ar\/index.php?rest_route=\/wp\/v2\/posts\/61071","targetHints":{"allow":["GET"]}}],"collection":[{"href":"https:\/\/masquenoticiastucuman.com.ar\/index.php?rest_route=\/wp\/v2\/posts"}],"about":[{"href":"https:\/\/masquenoticiastucuman.com.ar\/index.php?rest_route=\/wp\/v2\/types\/post"}],"author":[{"embeddable":true,"href":"https:\/\/masquenoticiastucuman.com.ar\/index.php?rest_route=\/wp\/v2\/users\/1"}],"replies":[{"embeddable":true,"href":"https:\/\/masquenoticiastucuman.com.ar\/index.php?rest_route=%2Fwp%2Fv2%2Fcomments&post=61071"}],"version-history":[{"count":0,"href":"https:\/\/masquenoticiastucuman.com.ar\/index.php?rest_route=\/wp\/v2\/posts\/61071\/revisions"}],"wp:attachment":[{"href":"https:\/\/masquenoticiastucuman.com.ar\/index.php?rest_route=%2Fwp%2Fv2%2Fmedia&parent=61071"}],"wp:term":[{"taxonomy":"category","embeddable":true,"href":"https:\/\/masquenoticiastucuman.com.ar\/index.php?rest_route=%2Fwp%2Fv2%2Fcategories&post=61071"},{"taxonomy":"post_tag","embeddable":true,"href":"https:\/\/masquenoticiastucuman.com.ar\/index.php?rest_route=%2Fwp%2Fv2%2Ftags&post=61071"}],"curies":[{"name":"wp","href":"https:\/\/api.w.org\/{rel}","templated":true}]}}