{"id":61073,"date":"2026-04-22T10:17:45","date_gmt":"2026-04-22T13:17:45","guid":{"rendered":"http:\/\/masquenoticiastucuman.com.ar\/?p=61073"},"modified":"2026-04-22T10:17:45","modified_gmt":"2026-04-22T13:17:45","slug":"quien-era-julio-cesar-jasso-ramirez-el-tirador-mexicano-que-mato-a-una-turista-canadiense-y-desato-14-minutos-de-terror-en-las-piramides-de-teotihuacan","status":"publish","type":"post","link":"https:\/\/masquenoticiastucuman.com.ar\/?p=61073","title":{"rendered":"Qui\u00e9n era Julio C\u00e9sar Jasso Ram\u00edrez, el tirador mexicano que mat\u00f3 a una turista canadiense y desat\u00f3 &#8220;14 minutos de terror&#8221; en las pir\u00e1mides de Teotihuac\u00e1n"},"content":{"rendered":"<ul>\n<li>El joven de 27 a\u00f1os llev\u00f3 una camisa alusiva a la matanza escolar de Columbine y se inspir\u00f3 en los sacrificios prehisp\u00e1nicos.<\/li>\n<li>Gast\u00f3 m\u00e1s de 2 mil d\u00f3lares para equiparse y visit\u00f3 antes el lugar para planificar el ataque.<\/li>\n<li>&#8220;\u00a1Europeos, va a ser la \u00faltima vez que vienen aqu\u00ed!&#8221;, grit\u00f3 al disparar contra los visitantes.<\/li>\n<\/ul>\n<p>\u200bEl joven de 27 a\u00f1os llev\u00f3 una camisa alusiva a la matanza escolar de Columbine y se inspir\u00f3 en los sacrificios prehisp\u00e1nicos.Gast\u00f3 m\u00e1s de 2 mil d\u00f3lares para equiparse y visit\u00f3 antes el lugar para planificar el ataque.&#8221;\u00a1Europeos, va a ser la \u00faltima vez que vienen aqu\u00ed!&#8221;, grit\u00f3 al disparar contra los visitantes.\u00a0<a href=\"https:\/\/www.clarin.com\/mundo\/julio-cesar-jasso-ramirez-tirador-mexicano-mato-turista-canadiense-desato-14-minutos-terror-piramides-teotihuacan_0_jVYriO0Dqx.html\" target=\"_blank\" class=\"feedzy-rss-link-icon\">Read More<\/a><\/p>","protected":false},"excerpt":{"rendered":"<p>El joven de 27 a\u00f1os llev\u00f3 una camisa alusiva a la matanza escolar de Columbine&#8230;<\/p>\n","protected":false},"author":1,"featured_media":61074,"comment_status":"open","ping_status":"open","sticky":false,"template":"","format":"standard","meta":{"footnotes":""},"categories":[4],"tags":[],"class_list":["post-61073","post","type-post","status-publish","format-standard","has-post-thumbnail","hentry","category-internacionales"],"_links":{"self":[{"href":"https:\/\/masquenoticiastucuman.com.ar\/index.php?rest_route=\/wp\/v2\/posts\/61073","targetHints":{"allow":["GET"]}}],"collection":[{"href":"https:\/\/masquenoticiastucuman.com.ar\/index.php?rest_route=\/wp\/v2\/posts"}],"about":[{"href":"https:\/\/masquenoticiastucuman.com.ar\/index.php?rest_route=\/wp\/v2\/types\/post"}],"author":[{"embeddable":true,"href":"https:\/\/masquenoticiastucuman.com.ar\/index.php?rest_route=\/wp\/v2\/users\/1"}],"replies":[{"embeddable":true,"href":"https:\/\/masquenoticiastucuman.com.ar\/index.php?rest_route=%2Fwp%2Fv2%2Fcomments&post=61073"}],"version-history":[{"count":0,"href":"https:\/\/masquenoticiastucuman.com.ar\/index.php?rest_route=\/wp\/v2\/posts\/61073\/revisions"}],"wp:featuredmedia":[{"embeddable":true,"href":"https:\/\/masquenoticiastucuman.com.ar\/index.php?rest_route=\/wp\/v2\/media\/61074"}],"wp:attachment":[{"href":"https:\/\/masquenoticiastucuman.com.ar\/index.php?rest_route=%2Fwp%2Fv2%2Fmedia&parent=61073"}],"wp:term":[{"taxonomy":"category","embeddable":true,"href":"https:\/\/masquenoticiastucuman.com.ar\/index.php?rest_route=%2Fwp%2Fv2%2Fcategories&post=61073"},{"taxonomy":"post_tag","embeddable":true,"href":"https:\/\/masquenoticiastucuman.com.ar\/index.php?rest_route=%2Fwp%2Fv2%2Ftags&post=61073"}],"curies":[{"name":"wp","href":"https:\/\/api.w.org\/{rel}","templated":true}]}}