{"id":61075,"date":"2026-04-22T11:17:57","date_gmt":"2026-04-22T14:17:57","guid":{"rendered":"http:\/\/masquenoticiastucuman.com.ar\/?p=61075"},"modified":"2026-04-22T11:17:57","modified_gmt":"2026-04-22T14:17:57","slug":"rating-del-martes-como-fue-el-duelo-entre-la-dupla-kaczka-y-pergolini-contra-de-pineda-y-del-moro","status":"publish","type":"post","link":"https:\/\/masquenoticiastucuman.com.ar\/?p=61075","title":{"rendered":"Rating del martes: c\u00f3mo fue el duelo entre la dupla Kaczka y Pergolini contra De Pineda y Del Moro"},"content":{"rendered":"<ul>\n<li>Lo m\u00e1s visto del d\u00eda baj\u00f3 de 13,9 a 13,7 puntos de promedio.<\/li>\n<li>Los n\u00fameros de &#8220;Es mi sue\u00f1o&#8221; y &#8220;Otro d\u00eda perdido&#8221; versus &#8220;Pasapalabra&#8221; y &#8220;GH&#8221;.<\/li>\n<li>Los que se impusieron en cada canal.<\/li>\n<\/ul>\n<p>\u200bLo m\u00e1s visto del d\u00eda baj\u00f3 de 13,9 a 13,7 puntos de promedio.Los n\u00fameros de &#8220;Es mi sue\u00f1o&#8221; y &#8220;Otro d\u00eda perdido&#8221; versus &#8220;Pasapalabra&#8221; y &#8220;GH&#8221;.Los que se impusieron en cada canal.\u00a0<a href=\"https:\/\/www.clarin.com\/espectaculos\/rating-martes-duelo-dupla-kaczka-pergolini-pineda-moro_0_N1G9Fzmz1X.html\" target=\"_blank\" class=\"feedzy-rss-link-icon\">Read More<\/a><\/p>","protected":false},"excerpt":{"rendered":"<p>Lo m\u00e1s visto del d\u00eda baj\u00f3 de 13,9 a 13,7 puntos de promedio. Los n\u00fameros&#8230;<\/p>\n","protected":false},"author":1,"featured_media":0,"comment_status":"open","ping_status":"open","sticky":false,"template":"","format":"standard","meta":{"footnotes":""},"categories":[5],"tags":[],"class_list":["post-61075","post","type-post","status-publish","format-standard","has-post-thumbnail","hentry","category-espectaculo"],"_links":{"self":[{"href":"https:\/\/masquenoticiastucuman.com.ar\/index.php?rest_route=\/wp\/v2\/posts\/61075","targetHints":{"allow":["GET"]}}],"collection":[{"href":"https:\/\/masquenoticiastucuman.com.ar\/index.php?rest_route=\/wp\/v2\/posts"}],"about":[{"href":"https:\/\/masquenoticiastucuman.com.ar\/index.php?rest_route=\/wp\/v2\/types\/post"}],"author":[{"embeddable":true,"href":"https:\/\/masquenoticiastucuman.com.ar\/index.php?rest_route=\/wp\/v2\/users\/1"}],"replies":[{"embeddable":true,"href":"https:\/\/masquenoticiastucuman.com.ar\/index.php?rest_route=%2Fwp%2Fv2%2Fcomments&post=61075"}],"version-history":[{"count":0,"href":"https:\/\/masquenoticiastucuman.com.ar\/index.php?rest_route=\/wp\/v2\/posts\/61075\/revisions"}],"wp:attachment":[{"href":"https:\/\/masquenoticiastucuman.com.ar\/index.php?rest_route=%2Fwp%2Fv2%2Fmedia&parent=61075"}],"wp:term":[{"taxonomy":"category","embeddable":true,"href":"https:\/\/masquenoticiastucuman.com.ar\/index.php?rest_route=%2Fwp%2Fv2%2Fcategories&post=61075"},{"taxonomy":"post_tag","embeddable":true,"href":"https:\/\/masquenoticiastucuman.com.ar\/index.php?rest_route=%2Fwp%2Fv2%2Ftags&post=61075"}],"curies":[{"name":"wp","href":"https:\/\/api.w.org\/{rel}","templated":true}]}}