{"id":61076,"date":"2026-04-22T11:09:19","date_gmt":"2026-04-22T14:09:19","guid":{"rendered":"http:\/\/masquenoticiastucuman.com.ar\/?p=61076"},"modified":"2026-04-22T11:09:19","modified_gmt":"2026-04-22T14:09:19","slug":"el-chelsea-de-enzo-fernandez-igualo-una-racha-negativa-de-1912-y-el-dt-destrozo-a-sus-jugadores-es-indefendible","status":"publish","type":"post","link":"https:\/\/masquenoticiastucuman.com.ar\/?p=61076","title":{"rendered":"El Chelsea de Enzo Fern\u00e1ndez igual\u00f3 una racha negativa de 1912 y el DT destroz\u00f3 a sus jugadores: &#8220;Es indefendible&#8221;"},"content":{"rendered":"<ul>\n<li>El equipo ingl\u00e9s hace un a\u00f1o fue campe\u00f3n del mundo y hoy sufre una debacle hist\u00f3rica.<\/li>\n<li>Perdi\u00f3 los \u00faltimos cinco, sin meter goles, y pas\u00f3 de pelear arriba a quedarse afuera de todo.<\/li>\n<li>Su entrenador, Liam Rosenior, les pidi\u00f3 perd\u00f3n a los hinchas con una dura autocr\u00edtica.<\/li>\n<\/ul>\n<p>\u200bEl equipo ingl\u00e9s hace un a\u00f1o fue campe\u00f3n del mundo y hoy sufre una debacle hist\u00f3rica.Perdi\u00f3 los \u00faltimos cinco, sin meter goles, y pas\u00f3 de pelear arriba a quedarse afuera de todo.Su entrenador, Liam Rosenior, les pidi\u00f3 perd\u00f3n a los hinchas con una dura autocr\u00edtica.\u00a0<a href=\"https:\/\/www.clarin.com\/deportes\/chelsea-enzo-fernandez-igualo-racha-negativa-1912-dt-destrozo-jugadores-indefendible_0_NcqzHM8siO.html\" target=\"_blank\" class=\"feedzy-rss-link-icon\">Read More<\/a><\/p>","protected":false},"excerpt":{"rendered":"<p>El equipo ingl\u00e9s hace un a\u00f1o fue campe\u00f3n del mundo y hoy sufre una debacle&#8230;<\/p>\n","protected":false},"author":1,"featured_media":0,"comment_status":"open","ping_status":"open","sticky":false,"template":"","format":"standard","meta":{"footnotes":""},"categories":[6],"tags":[],"class_list":["post-61076","post","type-post","status-publish","format-standard","has-post-thumbnail","hentry","category-deportes"],"_links":{"self":[{"href":"https:\/\/masquenoticiastucuman.com.ar\/index.php?rest_route=\/wp\/v2\/posts\/61076","targetHints":{"allow":["GET"]}}],"collection":[{"href":"https:\/\/masquenoticiastucuman.com.ar\/index.php?rest_route=\/wp\/v2\/posts"}],"about":[{"href":"https:\/\/masquenoticiastucuman.com.ar\/index.php?rest_route=\/wp\/v2\/types\/post"}],"author":[{"embeddable":true,"href":"https:\/\/masquenoticiastucuman.com.ar\/index.php?rest_route=\/wp\/v2\/users\/1"}],"replies":[{"embeddable":true,"href":"https:\/\/masquenoticiastucuman.com.ar\/index.php?rest_route=%2Fwp%2Fv2%2Fcomments&post=61076"}],"version-history":[{"count":0,"href":"https:\/\/masquenoticiastucuman.com.ar\/index.php?rest_route=\/wp\/v2\/posts\/61076\/revisions"}],"wp:attachment":[{"href":"https:\/\/masquenoticiastucuman.com.ar\/index.php?rest_route=%2Fwp%2Fv2%2Fmedia&parent=61076"}],"wp:term":[{"taxonomy":"category","embeddable":true,"href":"https:\/\/masquenoticiastucuman.com.ar\/index.php?rest_route=%2Fwp%2Fv2%2Fcategories&post=61076"},{"taxonomy":"post_tag","embeddable":true,"href":"https:\/\/masquenoticiastucuman.com.ar\/index.php?rest_route=%2Fwp%2Fv2%2Ftags&post=61076"}],"curies":[{"name":"wp","href":"https:\/\/api.w.org\/{rel}","templated":true}]}}