{"id":61077,"date":"2026-04-22T10:46:54","date_gmt":"2026-04-22T13:46:54","guid":{"rendered":"http:\/\/masquenoticiastucuman.com.ar\/?p=61077"},"modified":"2026-04-22T10:46:54","modified_gmt":"2026-04-22T13:46:54","slug":"tottenham-busca-por-linkedin-un-psicologo-para-levantar-al-equipo-que-lucha-por-no-descender","status":"publish","type":"post","link":"https:\/\/masquenoticiastucuman.com.ar\/?p=61077","title":{"rendered":"Tottenham busca por Linkedin un psic\u00f3logo para levantar al equipo que lucha por no descender"},"content":{"rendered":"<ul>\n<li>Los Spurs publicaron una in\u00e9dita oferta laboral en Linkedin. D\u00edas atr\u00e1s, el DT Roberto De Zerbi hab\u00eda exigido un cambio de mentalidad para su plantel.<\/li>\n<\/ul>\n<p>\u200bLos Spurs publicaron una in\u00e9dita oferta laboral en Linkedin. D\u00edas atr\u00e1s, el DT Roberto De Zerbi hab\u00eda exigido un cambio de mentalidad para su plantel.\u00a0<a href=\"https:\/\/www.clarin.com\/deportes\/tottenham-busca-linkedin-psicologo-levantar-equipo-lucha-descender_0_kunCL4ublP.html\" target=\"_blank\" class=\"feedzy-rss-link-icon\">Read More<\/a><\/p>","protected":false},"excerpt":{"rendered":"<p>Los Spurs publicaron una in\u00e9dita oferta laboral en Linkedin. D\u00edas atr\u00e1s, el DT Roberto De&#8230;<\/p>\n","protected":false},"author":1,"featured_media":0,"comment_status":"open","ping_status":"open","sticky":false,"template":"","format":"standard","meta":{"footnotes":""},"categories":[6],"tags":[],"class_list":["post-61077","post","type-post","status-publish","format-standard","has-post-thumbnail","hentry","category-deportes"],"_links":{"self":[{"href":"https:\/\/masquenoticiastucuman.com.ar\/index.php?rest_route=\/wp\/v2\/posts\/61077","targetHints":{"allow":["GET"]}}],"collection":[{"href":"https:\/\/masquenoticiastucuman.com.ar\/index.php?rest_route=\/wp\/v2\/posts"}],"about":[{"href":"https:\/\/masquenoticiastucuman.com.ar\/index.php?rest_route=\/wp\/v2\/types\/post"}],"author":[{"embeddable":true,"href":"https:\/\/masquenoticiastucuman.com.ar\/index.php?rest_route=\/wp\/v2\/users\/1"}],"replies":[{"embeddable":true,"href":"https:\/\/masquenoticiastucuman.com.ar\/index.php?rest_route=%2Fwp%2Fv2%2Fcomments&post=61077"}],"version-history":[{"count":0,"href":"https:\/\/masquenoticiastucuman.com.ar\/index.php?rest_route=\/wp\/v2\/posts\/61077\/revisions"}],"wp:attachment":[{"href":"https:\/\/masquenoticiastucuman.com.ar\/index.php?rest_route=%2Fwp%2Fv2%2Fmedia&parent=61077"}],"wp:term":[{"taxonomy":"category","embeddable":true,"href":"https:\/\/masquenoticiastucuman.com.ar\/index.php?rest_route=%2Fwp%2Fv2%2Fcategories&post=61077"},{"taxonomy":"post_tag","embeddable":true,"href":"https:\/\/masquenoticiastucuman.com.ar\/index.php?rest_route=%2Fwp%2Fv2%2Ftags&post=61077"}],"curies":[{"name":"wp","href":"https:\/\/api.w.org\/{rel}","templated":true}]}}