{"id":61078,"date":"2026-04-22T11:52:52","date_gmt":"2026-04-22T14:52:52","guid":{"rendered":"http:\/\/masquenoticiastucuman.com.ar\/?p=61078"},"modified":"2026-04-22T11:52:52","modified_gmt":"2026-04-22T14:52:52","slug":"efecto-temu-y-shein-las-compras-puerta-a-puerta-alcanzaron-el-valor-mas-alto-en-22-anos","status":"publish","type":"post","link":"https:\/\/masquenoticiastucuman.com.ar\/?p=61078","title":{"rendered":"Efecto Temu y Shein: las compras puerta a puerta alcanzaron el valor m\u00e1s alto en 22 a\u00f1os"},"content":{"rendered":"<ul>\n<li>Sumaron US$ 1.047 millones en 12 meses, el triple que hace un a\u00f1o.<\/li>\n<li>La suba se dio pese a la ca\u00edda de las importaciones en los \u00faltimos meses.<\/li>\n<li>Fue por el nuevo r\u00e9gimen, la mayor oferta y el d\u00f3lar planchado.<\/li>\n<\/ul>\n<p>\u200bSumaron US$ 1.047 millones en 12 meses, el triple que hace un a\u00f1o.La suba se dio pese a la ca\u00edda de las importaciones en los \u00faltimos meses.Fue por el nuevo r\u00e9gimen, la mayor oferta y el d\u00f3lar planchado.\u00a0<a href=\"https:\/\/www.clarin.com\/economia\/efecto-temu-shein-compras-puerta-puerta-alcanzaron-valor-alto-22-anos_0_5AL1Om6nh8.html\" target=\"_blank\" class=\"feedzy-rss-link-icon\">Read More<\/a><\/p>","protected":false},"excerpt":{"rendered":"<p>Sumaron US$ 1.047 millones en 12 meses, el triple que hace un a\u00f1o. La suba&#8230;<\/p>\n","protected":false},"author":1,"featured_media":0,"comment_status":"open","ping_status":"open","sticky":false,"template":"","format":"standard","meta":{"footnotes":""},"categories":[3],"tags":[],"class_list":["post-61078","post","type-post","status-publish","format-standard","has-post-thumbnail","hentry","category-nacionales"],"_links":{"self":[{"href":"https:\/\/masquenoticiastucuman.com.ar\/index.php?rest_route=\/wp\/v2\/posts\/61078","targetHints":{"allow":["GET"]}}],"collection":[{"href":"https:\/\/masquenoticiastucuman.com.ar\/index.php?rest_route=\/wp\/v2\/posts"}],"about":[{"href":"https:\/\/masquenoticiastucuman.com.ar\/index.php?rest_route=\/wp\/v2\/types\/post"}],"author":[{"embeddable":true,"href":"https:\/\/masquenoticiastucuman.com.ar\/index.php?rest_route=\/wp\/v2\/users\/1"}],"replies":[{"embeddable":true,"href":"https:\/\/masquenoticiastucuman.com.ar\/index.php?rest_route=%2Fwp%2Fv2%2Fcomments&post=61078"}],"version-history":[{"count":0,"href":"https:\/\/masquenoticiastucuman.com.ar\/index.php?rest_route=\/wp\/v2\/posts\/61078\/revisions"}],"wp:attachment":[{"href":"https:\/\/masquenoticiastucuman.com.ar\/index.php?rest_route=%2Fwp%2Fv2%2Fmedia&parent=61078"}],"wp:term":[{"taxonomy":"category","embeddable":true,"href":"https:\/\/masquenoticiastucuman.com.ar\/index.php?rest_route=%2Fwp%2Fv2%2Fcategories&post=61078"},{"taxonomy":"post_tag","embeddable":true,"href":"https:\/\/masquenoticiastucuman.com.ar\/index.php?rest_route=%2Fwp%2Fv2%2Ftags&post=61078"}],"curies":[{"name":"wp","href":"https:\/\/api.w.org\/{rel}","templated":true}]}}