{"id":61082,"date":"2026-04-22T11:57:19","date_gmt":"2026-04-22T14:57:19","guid":{"rendered":"http:\/\/masquenoticiastucuman.com.ar\/?p=61082"},"modified":"2026-04-22T11:57:19","modified_gmt":"2026-04-22T14:57:19","slug":"en-medio-de-la-tension-donald-trump-pone-fecha-al-nuevo-dialogo-con-iran","status":"publish","type":"post","link":"https:\/\/masquenoticiastucuman.com.ar\/?p=61082","title":{"rendered":"En medio de la tensi\u00f3n, Donald Trump pone fecha al nuevo di\u00e1logo con Ir\u00e1n"},"content":{"rendered":"<ul>\n<li>El presidente de Estados Unidos dijo en una entrevista que las negociaciones en Pakist\u00e1n podr\u00edan retomarse este viernes.<\/li>\n<li>La informaci\u00f3n coincidi\u00f3 con declaraciones de fuentes paquistan\u00edes. Las condiciones del r\u00e9gimen de Teher\u00e1n.<\/li>\n<\/ul>\n<p>\u200bEl presidente de Estados Unidos dijo en una entrevista que las negociaciones en Pakist\u00e1n podr\u00edan retomarse este viernes.La informaci\u00f3n coincidi\u00f3 con declaraciones de fuentes paquistan\u00edes. Las condiciones del r\u00e9gimen de Teher\u00e1n.\u00a0<a href=\"https:\/\/www.clarin.com\/mundo\/medio-tension-donald-trump-pone-fecha-nuevo-dialogo-iran_0_ocJO24Om3b.html\" target=\"_blank\" class=\"feedzy-rss-link-icon\">Read More<\/a><\/p>","protected":false},"excerpt":{"rendered":"<p>El presidente de Estados Unidos dijo en una entrevista que las negociaciones en Pakist\u00e1n podr\u00edan&#8230;<\/p>\n","protected":false},"author":1,"featured_media":61083,"comment_status":"open","ping_status":"open","sticky":false,"template":"","format":"standard","meta":{"footnotes":""},"categories":[4],"tags":[],"class_list":["post-61082","post","type-post","status-publish","format-standard","has-post-thumbnail","hentry","category-internacionales"],"_links":{"self":[{"href":"https:\/\/masquenoticiastucuman.com.ar\/index.php?rest_route=\/wp\/v2\/posts\/61082","targetHints":{"allow":["GET"]}}],"collection":[{"href":"https:\/\/masquenoticiastucuman.com.ar\/index.php?rest_route=\/wp\/v2\/posts"}],"about":[{"href":"https:\/\/masquenoticiastucuman.com.ar\/index.php?rest_route=\/wp\/v2\/types\/post"}],"author":[{"embeddable":true,"href":"https:\/\/masquenoticiastucuman.com.ar\/index.php?rest_route=\/wp\/v2\/users\/1"}],"replies":[{"embeddable":true,"href":"https:\/\/masquenoticiastucuman.com.ar\/index.php?rest_route=%2Fwp%2Fv2%2Fcomments&post=61082"}],"version-history":[{"count":0,"href":"https:\/\/masquenoticiastucuman.com.ar\/index.php?rest_route=\/wp\/v2\/posts\/61082\/revisions"}],"wp:featuredmedia":[{"embeddable":true,"href":"https:\/\/masquenoticiastucuman.com.ar\/index.php?rest_route=\/wp\/v2\/media\/61083"}],"wp:attachment":[{"href":"https:\/\/masquenoticiastucuman.com.ar\/index.php?rest_route=%2Fwp%2Fv2%2Fmedia&parent=61082"}],"wp:term":[{"taxonomy":"category","embeddable":true,"href":"https:\/\/masquenoticiastucuman.com.ar\/index.php?rest_route=%2Fwp%2Fv2%2Fcategories&post=61082"},{"taxonomy":"post_tag","embeddable":true,"href":"https:\/\/masquenoticiastucuman.com.ar\/index.php?rest_route=%2Fwp%2Fv2%2Ftags&post=61082"}],"curies":[{"name":"wp","href":"https:\/\/api.w.org\/{rel}","templated":true}]}}