{"id":61084,"date":"2026-04-22T11:34:54","date_gmt":"2026-04-22T14:34:54","guid":{"rendered":"http:\/\/masquenoticiastucuman.com.ar\/?p=61084"},"modified":"2026-04-22T11:34:54","modified_gmt":"2026-04-22T14:34:54","slug":"lo-nuevo-de-ivan-de-pineda-en-el-streaming-como-sera-desafio-atenea-el-certamen-de-olga-que-enfrentara-a-universitarios-de-todo-el-pais","status":"publish","type":"post","link":"https:\/\/masquenoticiastucuman.com.ar\/?p=61084","title":{"rendered":"Lo nuevo de Iv\u00e1n de Pineda en el streaming: c\u00f3mo ser\u00e1 Desaf\u00edo Atenea, el certamen de OLGA que enfrentar\u00e1 a universitarios de todo el pa\u00eds"},"content":{"rendered":"<ul>\n<li>Desde este jueves 23, el ciclo propondr\u00e1 una competencia donde el conocimiento, la estrategia y la rapidez ser\u00e1n ingredientes clave.<\/li>\n<li>M\u00e1s de 9.000 estudiantes se anotaron y solo 60 equipos fueron seleccionados para desafiarse por un premio millonario.<\/li>\n<\/ul>\n<p>\u200bDesde este jueves 23, el ciclo propondr\u00e1 una competencia donde el conocimiento, la estrategia y la rapidez ser\u00e1n ingredientes clave.M\u00e1s de 9.000 estudiantes se anotaron y solo 60 equipos fueron seleccionados para desafiarse por un premio millonario.\u00a0<a href=\"https:\/\/www.clarin.com\/espectaculos\/nuevo-ivan-pineda-streaming-desafio-atenea-certamen-olga-enfrentara-universitarios-pais_0_iXbaBpHaIT.html\" target=\"_blank\" class=\"feedzy-rss-link-icon\">Read More<\/a><\/p>","protected":false},"excerpt":{"rendered":"<p>Desde este jueves 23, el ciclo propondr\u00e1 una competencia donde el conocimiento, la estrategia y&#8230;<\/p>\n","protected":false},"author":1,"featured_media":0,"comment_status":"open","ping_status":"open","sticky":false,"template":"","format":"standard","meta":{"footnotes":""},"categories":[5],"tags":[],"class_list":["post-61084","post","type-post","status-publish","format-standard","has-post-thumbnail","hentry","category-espectaculo"],"_links":{"self":[{"href":"https:\/\/masquenoticiastucuman.com.ar\/index.php?rest_route=\/wp\/v2\/posts\/61084","targetHints":{"allow":["GET"]}}],"collection":[{"href":"https:\/\/masquenoticiastucuman.com.ar\/index.php?rest_route=\/wp\/v2\/posts"}],"about":[{"href":"https:\/\/masquenoticiastucuman.com.ar\/index.php?rest_route=\/wp\/v2\/types\/post"}],"author":[{"embeddable":true,"href":"https:\/\/masquenoticiastucuman.com.ar\/index.php?rest_route=\/wp\/v2\/users\/1"}],"replies":[{"embeddable":true,"href":"https:\/\/masquenoticiastucuman.com.ar\/index.php?rest_route=%2Fwp%2Fv2%2Fcomments&post=61084"}],"version-history":[{"count":0,"href":"https:\/\/masquenoticiastucuman.com.ar\/index.php?rest_route=\/wp\/v2\/posts\/61084\/revisions"}],"wp:attachment":[{"href":"https:\/\/masquenoticiastucuman.com.ar\/index.php?rest_route=%2Fwp%2Fv2%2Fmedia&parent=61084"}],"wp:term":[{"taxonomy":"category","embeddable":true,"href":"https:\/\/masquenoticiastucuman.com.ar\/index.php?rest_route=%2Fwp%2Fv2%2Fcategories&post=61084"},{"taxonomy":"post_tag","embeddable":true,"href":"https:\/\/masquenoticiastucuman.com.ar\/index.php?rest_route=%2Fwp%2Fv2%2Ftags&post=61084"}],"curies":[{"name":"wp","href":"https:\/\/api.w.org\/{rel}","templated":true}]}}