{"id":61085,"date":"2026-04-22T12:42:33","date_gmt":"2026-04-22T15:42:33","guid":{"rendered":"http:\/\/masquenoticiastucuman.com.ar\/?p=61085"},"modified":"2026-04-22T12:42:33","modified_gmt":"2026-04-22T15:42:33","slug":"el-turu-flores-y-otros-tres-reconocidos-exfutbolistas-denunciados-por-un-casino-de-las-vegas-les-reclaman-26-millones-de-dolares","status":"publish","type":"post","link":"https:\/\/masquenoticiastucuman.com.ar\/?p=61085","title":{"rendered":"El Turu Flores y otros tres reconocidos exfutbolistas, denunciados por un casino de Las Vegas: les reclaman 2,6 millones de d\u00f3lares"},"content":{"rendered":"<ul>\n<li>El exdelantero de V\u00e9lez y otros tres argentinos figuran en la causa por deudas de juego.<\/li>\n<li>Cada uno de ellos habr\u00eda recibido un cr\u00e9dito que luego no fue saldado.<\/li>\n<li>El caso sali\u00f3 a la luz con la detenci\u00f3n del periodista Quique Felman, en febrero pasado.<\/li>\n<\/ul>\n<p>\u200bEl exdelantero de V\u00e9lez y otros tres argentinos figuran en la causa por deudas de juego.Cada uno de ellos habr\u00eda recibido un cr\u00e9dito que luego no fue saldado.El caso sali\u00f3 a la luz con la detenci\u00f3n del periodista Quique Felman, en febrero pasado.\u00a0<a href=\"https:\/\/www.clarin.com\/deportes\/turu-flores-reconocidos-exfutbolistas-denunciados-casino-vegas-reclaman-26-millones-dolares_0_7GKKVjTZGb.html\" target=\"_blank\" class=\"feedzy-rss-link-icon\">Read More<\/a><\/p>","protected":false},"excerpt":{"rendered":"<p>El exdelantero de V\u00e9lez y otros tres argentinos figuran en la causa por deudas de&#8230;<\/p>\n","protected":false},"author":1,"featured_media":0,"comment_status":"open","ping_status":"open","sticky":false,"template":"","format":"standard","meta":{"footnotes":""},"categories":[6],"tags":[],"class_list":["post-61085","post","type-post","status-publish","format-standard","has-post-thumbnail","hentry","category-deportes"],"_links":{"self":[{"href":"https:\/\/masquenoticiastucuman.com.ar\/index.php?rest_route=\/wp\/v2\/posts\/61085","targetHints":{"allow":["GET"]}}],"collection":[{"href":"https:\/\/masquenoticiastucuman.com.ar\/index.php?rest_route=\/wp\/v2\/posts"}],"about":[{"href":"https:\/\/masquenoticiastucuman.com.ar\/index.php?rest_route=\/wp\/v2\/types\/post"}],"author":[{"embeddable":true,"href":"https:\/\/masquenoticiastucuman.com.ar\/index.php?rest_route=\/wp\/v2\/users\/1"}],"replies":[{"embeddable":true,"href":"https:\/\/masquenoticiastucuman.com.ar\/index.php?rest_route=%2Fwp%2Fv2%2Fcomments&post=61085"}],"version-history":[{"count":0,"href":"https:\/\/masquenoticiastucuman.com.ar\/index.php?rest_route=\/wp\/v2\/posts\/61085\/revisions"}],"wp:attachment":[{"href":"https:\/\/masquenoticiastucuman.com.ar\/index.php?rest_route=%2Fwp%2Fv2%2Fmedia&parent=61085"}],"wp:term":[{"taxonomy":"category","embeddable":true,"href":"https:\/\/masquenoticiastucuman.com.ar\/index.php?rest_route=%2Fwp%2Fv2%2Fcategories&post=61085"},{"taxonomy":"post_tag","embeddable":true,"href":"https:\/\/masquenoticiastucuman.com.ar\/index.php?rest_route=%2Fwp%2Fv2%2Ftags&post=61085"}],"curies":[{"name":"wp","href":"https:\/\/api.w.org\/{rel}","templated":true}]}}