{"id":61086,"date":"2026-04-22T11:48:02","date_gmt":"2026-04-22T14:48:02","guid":{"rendered":"http:\/\/masquenoticiastucuman.com.ar\/?p=61086"},"modified":"2026-04-22T11:48:02","modified_gmt":"2026-04-22T14:48:02","slug":"preocupacion-en-brasil-estevao-la-joven-estrella-del-equipo-de-ancelotti-sufrio-una-lesion-y-es-duda-para-el-mundial-2026","status":"publish","type":"post","link":"https:\/\/masquenoticiastucuman.com.ar\/?p=61086","title":{"rendered":"Preocupaci\u00f3n en Brasil: Estevao, la joven estrella del equipo de Ancelotti, sufri\u00f3 una lesi\u00f3n y es duda para el Mundial 2026"},"content":{"rendered":"<ul>\n<li>El atacante con pasado en Palmeiras lleg\u00f3 este a\u00f1o a Europa y la rompe en el Chelsea.<\/li>\n<li>A los 18 a\u00f1os se gan\u00f3 un lugar en el scratch para jugar la Copa que arranca en junio.<\/li>\n<li>Desde Inglaterra reportan que sufri\u00f3 un desgarro grave que implica una larga recuperaci\u00f3n.<\/li>\n<\/ul>\n<p>\u200bEl atacante con pasado en Palmeiras lleg\u00f3 este a\u00f1o a Europa y la rompe en el Chelsea.A los 18 a\u00f1os se gan\u00f3 un lugar en el scratch para jugar la Copa que arranca en junio.Desde Inglaterra reportan que sufri\u00f3 un desgarro grave que implica una larga recuperaci\u00f3n.\u00a0<a href=\"https:\/\/www.clarin.com\/deportes\/preocupacion-brasil-estevao-joven-estrella-equipo-ancelotti-sufrio-lesion-duda-mundial-2026_0_kW3rvoNfwO.html\" target=\"_blank\" class=\"feedzy-rss-link-icon\">Read More<\/a><\/p>","protected":false},"excerpt":{"rendered":"<p>El atacante con pasado en Palmeiras lleg\u00f3 este a\u00f1o a Europa y la rompe en&#8230;<\/p>\n","protected":false},"author":1,"featured_media":0,"comment_status":"open","ping_status":"open","sticky":false,"template":"","format":"standard","meta":{"footnotes":""},"categories":[6],"tags":[],"class_list":["post-61086","post","type-post","status-publish","format-standard","has-post-thumbnail","hentry","category-deportes"],"_links":{"self":[{"href":"https:\/\/masquenoticiastucuman.com.ar\/index.php?rest_route=\/wp\/v2\/posts\/61086","targetHints":{"allow":["GET"]}}],"collection":[{"href":"https:\/\/masquenoticiastucuman.com.ar\/index.php?rest_route=\/wp\/v2\/posts"}],"about":[{"href":"https:\/\/masquenoticiastucuman.com.ar\/index.php?rest_route=\/wp\/v2\/types\/post"}],"author":[{"embeddable":true,"href":"https:\/\/masquenoticiastucuman.com.ar\/index.php?rest_route=\/wp\/v2\/users\/1"}],"replies":[{"embeddable":true,"href":"https:\/\/masquenoticiastucuman.com.ar\/index.php?rest_route=%2Fwp%2Fv2%2Fcomments&post=61086"}],"version-history":[{"count":0,"href":"https:\/\/masquenoticiastucuman.com.ar\/index.php?rest_route=\/wp\/v2\/posts\/61086\/revisions"}],"wp:attachment":[{"href":"https:\/\/masquenoticiastucuman.com.ar\/index.php?rest_route=%2Fwp%2Fv2%2Fmedia&parent=61086"}],"wp:term":[{"taxonomy":"category","embeddable":true,"href":"https:\/\/masquenoticiastucuman.com.ar\/index.php?rest_route=%2Fwp%2Fv2%2Fcategories&post=61086"},{"taxonomy":"post_tag","embeddable":true,"href":"https:\/\/masquenoticiastucuman.com.ar\/index.php?rest_route=%2Fwp%2Fv2%2Ftags&post=61086"}],"curies":[{"name":"wp","href":"https:\/\/api.w.org\/{rel}","templated":true}]}}