{"id":61088,"date":"2026-04-22T11:08:21","date_gmt":"2026-04-22T14:08:21","guid":{"rendered":"http:\/\/masquenoticiastucuman.com.ar\/?p=61088"},"modified":"2026-04-22T11:08:21","modified_gmt":"2026-04-22T14:08:21","slug":"continua-el-bloqueo-al-puerto-de-quequen-17-buques-en-espera-350-000-toneladas-por-cargar-y-perdidas-estimadas-en-us-300-millones","status":"publish","type":"post","link":"https:\/\/masquenoticiastucuman.com.ar\/?p=61088","title":{"rendered":"Contin\u00faa el bloqueo al puerto de Quequ\u00e9n: 17 buques en espera, 350.000 toneladas por cargar y p\u00e9rdidas estimadas en US$ 300 millones"},"content":{"rendered":"<ul>\n<li>Ya hace dos semanas que esta terminal se encuentra paralizada por el paro de transportistas autoconvocados.<\/li>\n<li>La mayor\u00eda de los cortes ya se levantaron a nivel nacional.<\/li>\n<li>Los buques se desv\u00edan al puerto de Bah\u00eda Blanca o a Brasil.<\/li>\n<\/ul>\n<p>\u200bYa hace dos semanas que esta terminal se encuentra paralizada por el paro de transportistas autoconvocados.La mayor\u00eda de los cortes ya se levantaron a nivel nacional.Los buques se desv\u00edan al puerto de Bah\u00eda Blanca o a Brasil.\u00a0<a href=\"https:\/\/www.clarin.com\/rural\/continua-bloqueo-puerto-quequen-17-buques-espera-350000-toneladas-cargar-perdidas-estimadas-us-300-millones_0_w7hVntA2cM.html\" target=\"_blank\" class=\"feedzy-rss-link-icon\">Read More<\/a><\/p>","protected":false},"excerpt":{"rendered":"<p>Ya hace dos semanas que esta terminal se encuentra paralizada por el paro de transportistas&#8230;<\/p>\n","protected":false},"author":1,"featured_media":0,"comment_status":"open","ping_status":"open","sticky":false,"template":"","format":"standard","meta":{"footnotes":""},"categories":[3],"tags":[],"class_list":["post-61088","post","type-post","status-publish","format-standard","has-post-thumbnail","hentry","category-nacionales"],"_links":{"self":[{"href":"https:\/\/masquenoticiastucuman.com.ar\/index.php?rest_route=\/wp\/v2\/posts\/61088","targetHints":{"allow":["GET"]}}],"collection":[{"href":"https:\/\/masquenoticiastucuman.com.ar\/index.php?rest_route=\/wp\/v2\/posts"}],"about":[{"href":"https:\/\/masquenoticiastucuman.com.ar\/index.php?rest_route=\/wp\/v2\/types\/post"}],"author":[{"embeddable":true,"href":"https:\/\/masquenoticiastucuman.com.ar\/index.php?rest_route=\/wp\/v2\/users\/1"}],"replies":[{"embeddable":true,"href":"https:\/\/masquenoticiastucuman.com.ar\/index.php?rest_route=%2Fwp%2Fv2%2Fcomments&post=61088"}],"version-history":[{"count":0,"href":"https:\/\/masquenoticiastucuman.com.ar\/index.php?rest_route=\/wp\/v2\/posts\/61088\/revisions"}],"wp:attachment":[{"href":"https:\/\/masquenoticiastucuman.com.ar\/index.php?rest_route=%2Fwp%2Fv2%2Fmedia&parent=61088"}],"wp:term":[{"taxonomy":"category","embeddable":true,"href":"https:\/\/masquenoticiastucuman.com.ar\/index.php?rest_route=%2Fwp%2Fv2%2Fcategories&post=61088"},{"taxonomy":"post_tag","embeddable":true,"href":"https:\/\/masquenoticiastucuman.com.ar\/index.php?rest_route=%2Fwp%2Fv2%2Ftags&post=61088"}],"curies":[{"name":"wp","href":"https:\/\/api.w.org\/{rel}","templated":true}]}}