{"id":61089,"date":"2026-04-22T13:49:13","date_gmt":"2026-04-22T16:49:13","guid":{"rendered":"http:\/\/masquenoticiastucuman.com.ar\/?p=61089"},"modified":"2026-04-22T13:49:13","modified_gmt":"2026-04-22T16:49:13","slug":"luis-scola-estaba-dando-una-nota-en-olga-cuando-una-camioneta-perdio-el-control-y-casi-choca-con-el-estudio-la-reaccion-del-ex-nba","status":"publish","type":"post","link":"https:\/\/masquenoticiastucuman.com.ar\/?p=61089","title":{"rendered":"Luis Scola estaba dando una nota en OLGA cuando una camioneta perdi\u00f3 el control y casi choca con el estudio: la reacci\u00f3n del ex NBA"},"content":{"rendered":"<ul>\n<li>&#8220;Uy, no&#8230;&#8221;, alcanz\u00f3 a decir el exbasquetbolista argentino.<\/li>\n<li>Fue en la esquina de Humboldt y Cabrera, en Palermo Hollywood.<\/li>\n<li>El veh\u00edculo se subi\u00f3 a la vereda y no lleg\u00f3 a impactar contra el edificio.<\/li>\n<\/ul>\n<p>\u200b&#8221;Uy, no&#8230;&#8221;, alcanz\u00f3 a decir el exbasquetbolista argentino.Fue en la esquina de Humboldt y Cabrera, en Palermo Hollywood.El veh\u00edculo se subi\u00f3 a la vereda y no lleg\u00f3 a impactar contra el edificio.\u00a0<a href=\"https:\/\/www.clarin.com\/deportes\/luis-scola-dando-nota-olga-camioneta-perdio-control-choca-estudio-reaccion-ex-nba_0_Qii0ZOhpGr.html\" target=\"_blank\" class=\"feedzy-rss-link-icon\">Read More<\/a><\/p>","protected":false},"excerpt":{"rendered":"<p>&#8220;Uy, no&#8230;&#8221;, alcanz\u00f3 a decir el exbasquetbolista argentino. Fue en la esquina de Humboldt y&#8230;<\/p>\n","protected":false},"author":1,"featured_media":0,"comment_status":"open","ping_status":"open","sticky":false,"template":"","format":"standard","meta":{"footnotes":""},"categories":[6],"tags":[],"class_list":["post-61089","post","type-post","status-publish","format-standard","has-post-thumbnail","hentry","category-deportes"],"_links":{"self":[{"href":"https:\/\/masquenoticiastucuman.com.ar\/index.php?rest_route=\/wp\/v2\/posts\/61089","targetHints":{"allow":["GET"]}}],"collection":[{"href":"https:\/\/masquenoticiastucuman.com.ar\/index.php?rest_route=\/wp\/v2\/posts"}],"about":[{"href":"https:\/\/masquenoticiastucuman.com.ar\/index.php?rest_route=\/wp\/v2\/types\/post"}],"author":[{"embeddable":true,"href":"https:\/\/masquenoticiastucuman.com.ar\/index.php?rest_route=\/wp\/v2\/users\/1"}],"replies":[{"embeddable":true,"href":"https:\/\/masquenoticiastucuman.com.ar\/index.php?rest_route=%2Fwp%2Fv2%2Fcomments&post=61089"}],"version-history":[{"count":0,"href":"https:\/\/masquenoticiastucuman.com.ar\/index.php?rest_route=\/wp\/v2\/posts\/61089\/revisions"}],"wp:attachment":[{"href":"https:\/\/masquenoticiastucuman.com.ar\/index.php?rest_route=%2Fwp%2Fv2%2Fmedia&parent=61089"}],"wp:term":[{"taxonomy":"category","embeddable":true,"href":"https:\/\/masquenoticiastucuman.com.ar\/index.php?rest_route=%2Fwp%2Fv2%2Fcategories&post=61089"},{"taxonomy":"post_tag","embeddable":true,"href":"https:\/\/masquenoticiastucuman.com.ar\/index.php?rest_route=%2Fwp%2Fv2%2Ftags&post=61089"}],"curies":[{"name":"wp","href":"https:\/\/api.w.org\/{rel}","templated":true}]}}