{"id":61093,"date":"2026-04-22T15:00:10","date_gmt":"2026-04-22T18:00:10","guid":{"rendered":"http:\/\/masquenoticiastucuman.com.ar\/?p=61093"},"modified":"2026-04-22T15:00:10","modified_gmt":"2026-04-22T18:00:10","slug":"el-papa-leon-xiv-en-guinea-ecuatorial-invito-a-aumentar-los-espacios-de-libertad-y-preservar-la-dignidad-de-los-pobres-y-los-reclusos","status":"publish","type":"post","link":"https:\/\/masquenoticiastucuman.com.ar\/?p=61093","title":{"rendered":"El papa Le\u00f3n XIV en Guinea Ecuatorial: invit\u00f3 a aumentar \u201clos espacios de libertad y preservar la dignidad de los pobres y los reclusos\u201d"},"content":{"rendered":"<ul>\n<li>El tono del pont\u00edfice fue diplom\u00e1tico pero incisivo en un pa\u00eds criticado por su ataques a la libertad de expresi\u00f3n y las condiciones econ\u00f3micas penosas en los centros perif\u00e9ricos.<\/li>\n<li>Viaj\u00f3 de Malabo a Mongomo, basti\u00f3n del presidente Teodoro Obiang Nguema, de 83 a\u00f1os, y acusado de violaciones a los derechos humanos.<\/li>\n<\/ul>\n<p>\u200bEl tono del pont\u00edfice fue diplom\u00e1tico pero incisivo en un pa\u00eds criticado por su ataques a la libertad de expresi\u00f3n y las condiciones econ\u00f3micas penosas en los centros perif\u00e9ricos.Viaj\u00f3 de Malabo a Mongomo, basti\u00f3n del presidente Teodoro Obiang Nguema, de 83 a\u00f1os, y acusado de violaciones a los derechos humanos.\u00a0<a href=\"https:\/\/www.clarin.com\/mundo\/papa-leon-xiv-guinea-ecuatorial-invito-aumentar-espacios-libertad-preservar-dignidad-pobres-reclusos_0_knRLswHYLT.html\" target=\"_blank\" class=\"feedzy-rss-link-icon\">Read More<\/a><\/p>","protected":false},"excerpt":{"rendered":"<p>El tono del pont\u00edfice fue diplom\u00e1tico pero incisivo en un pa\u00eds criticado por su ataques&#8230;<\/p>\n","protected":false},"author":1,"featured_media":61094,"comment_status":"open","ping_status":"open","sticky":false,"template":"","format":"standard","meta":{"footnotes":""},"categories":[4],"tags":[],"class_list":["post-61093","post","type-post","status-publish","format-standard","has-post-thumbnail","hentry","category-internacionales"],"_links":{"self":[{"href":"https:\/\/masquenoticiastucuman.com.ar\/index.php?rest_route=\/wp\/v2\/posts\/61093","targetHints":{"allow":["GET"]}}],"collection":[{"href":"https:\/\/masquenoticiastucuman.com.ar\/index.php?rest_route=\/wp\/v2\/posts"}],"about":[{"href":"https:\/\/masquenoticiastucuman.com.ar\/index.php?rest_route=\/wp\/v2\/types\/post"}],"author":[{"embeddable":true,"href":"https:\/\/masquenoticiastucuman.com.ar\/index.php?rest_route=\/wp\/v2\/users\/1"}],"replies":[{"embeddable":true,"href":"https:\/\/masquenoticiastucuman.com.ar\/index.php?rest_route=%2Fwp%2Fv2%2Fcomments&post=61093"}],"version-history":[{"count":0,"href":"https:\/\/masquenoticiastucuman.com.ar\/index.php?rest_route=\/wp\/v2\/posts\/61093\/revisions"}],"wp:featuredmedia":[{"embeddable":true,"href":"https:\/\/masquenoticiastucuman.com.ar\/index.php?rest_route=\/wp\/v2\/media\/61094"}],"wp:attachment":[{"href":"https:\/\/masquenoticiastucuman.com.ar\/index.php?rest_route=%2Fwp%2Fv2%2Fmedia&parent=61093"}],"wp:term":[{"taxonomy":"category","embeddable":true,"href":"https:\/\/masquenoticiastucuman.com.ar\/index.php?rest_route=%2Fwp%2Fv2%2Fcategories&post=61093"},{"taxonomy":"post_tag","embeddable":true,"href":"https:\/\/masquenoticiastucuman.com.ar\/index.php?rest_route=%2Fwp%2Fv2%2Ftags&post=61093"}],"curies":[{"name":"wp","href":"https:\/\/api.w.org\/{rel}","templated":true}]}}