{"id":61095,"date":"2026-04-22T14:07:00","date_gmt":"2026-04-22T17:07:00","guid":{"rendered":"http:\/\/masquenoticiastucuman.com.ar\/?p=61095"},"modified":"2026-04-22T14:07:00","modified_gmt":"2026-04-22T17:07:00","slug":"iran-intensifica-la-represion-con-arrestos-y-ejecuciones-en-plena-guerra-con-estados-unidos","status":"publish","type":"post","link":"https:\/\/masquenoticiastucuman.com.ar\/?p=61095","title":{"rendered":"Ir\u00e1n intensifica la represi\u00f3n con arrestos y ejecuciones en plena guerra con Estados Unidos"},"content":{"rendered":"<ul>\n<li>El r\u00e9gimen isl\u00e1mico ha llevado a la horca a decenas de condenados, considerados presos pol\u00edticos, denuncian organizaciones de derechos humanos.<\/li>\n<li>Donald Trump pidi\u00f3 a Teher\u00e1n que libere a ocho mujeres que enfrentan la pena capital, para facilitar el di\u00e1logo.<\/li>\n<\/ul>\n<p>\u200bEl r\u00e9gimen isl\u00e1mico ha llevado a la horca a decenas de condenados, considerados presos pol\u00edticos, denuncian organizaciones de derechos humanos.Donald Trump pidi\u00f3 a Teher\u00e1n que libere a ocho mujeres que enfrentan la pena capital, para facilitar el di\u00e1logo.\u00a0<a href=\"https:\/\/www.clarin.com\/mundo\/iran-intensifica-represion-arrestos-ejecuciones-plena-guerra-estados-unidos_0_51ckF3RRmF.html\" target=\"_blank\" class=\"feedzy-rss-link-icon\">Read More<\/a><\/p>","protected":false},"excerpt":{"rendered":"<p>El r\u00e9gimen isl\u00e1mico ha llevado a la horca a decenas de condenados, considerados presos pol\u00edticos,&#8230;<\/p>\n","protected":false},"author":1,"featured_media":61096,"comment_status":"open","ping_status":"open","sticky":false,"template":"","format":"standard","meta":{"footnotes":""},"categories":[4],"tags":[],"class_list":["post-61095","post","type-post","status-publish","format-standard","has-post-thumbnail","hentry","category-internacionales"],"_links":{"self":[{"href":"https:\/\/masquenoticiastucuman.com.ar\/index.php?rest_route=\/wp\/v2\/posts\/61095","targetHints":{"allow":["GET"]}}],"collection":[{"href":"https:\/\/masquenoticiastucuman.com.ar\/index.php?rest_route=\/wp\/v2\/posts"}],"about":[{"href":"https:\/\/masquenoticiastucuman.com.ar\/index.php?rest_route=\/wp\/v2\/types\/post"}],"author":[{"embeddable":true,"href":"https:\/\/masquenoticiastucuman.com.ar\/index.php?rest_route=\/wp\/v2\/users\/1"}],"replies":[{"embeddable":true,"href":"https:\/\/masquenoticiastucuman.com.ar\/index.php?rest_route=%2Fwp%2Fv2%2Fcomments&post=61095"}],"version-history":[{"count":0,"href":"https:\/\/masquenoticiastucuman.com.ar\/index.php?rest_route=\/wp\/v2\/posts\/61095\/revisions"}],"wp:featuredmedia":[{"embeddable":true,"href":"https:\/\/masquenoticiastucuman.com.ar\/index.php?rest_route=\/wp\/v2\/media\/61096"}],"wp:attachment":[{"href":"https:\/\/masquenoticiastucuman.com.ar\/index.php?rest_route=%2Fwp%2Fv2%2Fmedia&parent=61095"}],"wp:term":[{"taxonomy":"category","embeddable":true,"href":"https:\/\/masquenoticiastucuman.com.ar\/index.php?rest_route=%2Fwp%2Fv2%2Fcategories&post=61095"},{"taxonomy":"post_tag","embeddable":true,"href":"https:\/\/masquenoticiastucuman.com.ar\/index.php?rest_route=%2Fwp%2Fv2%2Ftags&post=61095"}],"curies":[{"name":"wp","href":"https:\/\/api.w.org\/{rel}","templated":true}]}}