{"id":61097,"date":"2026-04-22T14:42:34","date_gmt":"2026-04-22T17:42:34","guid":{"rendered":"http:\/\/masquenoticiastucuman.com.ar\/?p=61097"},"modified":"2026-04-22T14:42:34","modified_gmt":"2026-04-22T17:42:34","slug":"las-confesiones-de-martin-el-eliminado-de-gran-hermano-que-hizo-llorar-desconsoladamente-a-la-ex-vedette-yanina-zilli-es-una-mujer-hermosa-me-partio-verla-asi","status":"publish","type":"post","link":"https:\/\/masquenoticiastucuman.com.ar\/?p=61097","title":{"rendered":"Las confesiones de Mart\u00edn, el eliminado de Gran Hermano que hizo llorar desconsoladamente a la ex vedette Yanina Zilli: &#8220;Es una mujer hermosa, me parti\u00f3 verla as\u00ed&#8221;"},"content":{"rendered":"<ul>\n<li>Tiene 46 a\u00f1os, un pasado doloroso, y ya empez\u00f3 su campa\u00f1a para volver en el repechaje.<\/li>\n<li>Habla de su relaci\u00f3n con la &#8220;Tanita Zilli&#8221; dentro de la casa, de su rol en el grupo que armaba con ella y con el ex futbolista Brian Sarmiento, de su estilo en la vida.<\/li>\n<li>Su podio para la final.<\/li>\n<\/ul>\n<p>\u200bTiene 46 a\u00f1os, un pasado doloroso, y ya empez\u00f3 su campa\u00f1a para volver en el repechaje.Habla de su relaci\u00f3n con la &#8220;Tanita Zilli&#8221; dentro de la casa, de su rol en el grupo que armaba con ella y con el ex futbolista Brian Sarmiento, de su estilo en la vida.Su podio para la final.\u00a0<a href=\"https:\/\/www.clarin.com\/espectaculos\/confesiones-martin-eliminado-gran-hermano-hizo-llorar-desconsoladamente-ex-vedette-yanina-zilli-mujer-hermosa-partio-verla_0_FgGBx4ywpc.html\" target=\"_blank\" class=\"feedzy-rss-link-icon\">Read More<\/a><\/p>","protected":false},"excerpt":{"rendered":"<p>Tiene 46 a\u00f1os, un pasado doloroso, y ya empez\u00f3 su campa\u00f1a para volver en el&#8230;<\/p>\n","protected":false},"author":1,"featured_media":0,"comment_status":"open","ping_status":"open","sticky":false,"template":"","format":"standard","meta":{"footnotes":""},"categories":[5],"tags":[],"class_list":["post-61097","post","type-post","status-publish","format-standard","has-post-thumbnail","hentry","category-espectaculo"],"_links":{"self":[{"href":"https:\/\/masquenoticiastucuman.com.ar\/index.php?rest_route=\/wp\/v2\/posts\/61097","targetHints":{"allow":["GET"]}}],"collection":[{"href":"https:\/\/masquenoticiastucuman.com.ar\/index.php?rest_route=\/wp\/v2\/posts"}],"about":[{"href":"https:\/\/masquenoticiastucuman.com.ar\/index.php?rest_route=\/wp\/v2\/types\/post"}],"author":[{"embeddable":true,"href":"https:\/\/masquenoticiastucuman.com.ar\/index.php?rest_route=\/wp\/v2\/users\/1"}],"replies":[{"embeddable":true,"href":"https:\/\/masquenoticiastucuman.com.ar\/index.php?rest_route=%2Fwp%2Fv2%2Fcomments&post=61097"}],"version-history":[{"count":0,"href":"https:\/\/masquenoticiastucuman.com.ar\/index.php?rest_route=\/wp\/v2\/posts\/61097\/revisions"}],"wp:attachment":[{"href":"https:\/\/masquenoticiastucuman.com.ar\/index.php?rest_route=%2Fwp%2Fv2%2Fmedia&parent=61097"}],"wp:term":[{"taxonomy":"category","embeddable":true,"href":"https:\/\/masquenoticiastucuman.com.ar\/index.php?rest_route=%2Fwp%2Fv2%2Fcategories&post=61097"},{"taxonomy":"post_tag","embeddable":true,"href":"https:\/\/masquenoticiastucuman.com.ar\/index.php?rest_route=%2Fwp%2Fv2%2Ftags&post=61097"}],"curies":[{"name":"wp","href":"https:\/\/api.w.org\/{rel}","templated":true}]}}