{"id":61099,"date":"2026-04-22T14:09:01","date_gmt":"2026-04-22T17:09:01","guid":{"rendered":"http:\/\/masquenoticiastucuman.com.ar\/?p=61099"},"modified":"2026-04-22T14:09:01","modified_gmt":"2026-04-22T17:09:01","slug":"caos-en-el-chelsea-echaron-a-liam-rosenior-el-dt-que-duro-100-dias-y-sanciono-a-enzo-fernandez","status":"publish","type":"post","link":"https:\/\/masquenoticiastucuman.com.ar\/?p=61099","title":{"rendered":"Caos en el Chelsea: echaron a Liam Rosenior, el DT que dur\u00f3 100 d\u00edas y sancion\u00f3 a Enzo Fern\u00e1ndez"},"content":{"rendered":"<ul>\n<li>&#8220;Es indefendible&#8221;, dijo tras la quinta derrota consecutiva de su equipo sin marcar goles.<\/li>\n<li>El equipo buscaba la Champions y hoy podr\u00eda quedar en el puesto 12 de la Premier.<\/li>\n<li>Lleg\u00f3 para reemplazar a Enzo Maresca, t\u00e9cnico que lo hab\u00eda sacado campe\u00f3n del mundo.<\/li>\n<\/ul>\n<p>\u200b&#8221;Es indefendible&#8221;, dijo tras la quinta derrota consecutiva de su equipo sin marcar goles.El equipo buscaba la Champions y hoy podr\u00eda quedar en el puesto 12 de la Premier.Lleg\u00f3 para reemplazar a Enzo Maresca, t\u00e9cnico que lo hab\u00eda sacado campe\u00f3n del mundo.\u00a0<a href=\"https:\/\/www.clarin.com\/deportes\/caos-chelsea-echaron-liam-rosenior-dt-duro-100-dias-sanciono-enzo-fernandez_0_WncKsWrbaM.html\" target=\"_blank\" class=\"feedzy-rss-link-icon\">Read More<\/a><\/p>","protected":false},"excerpt":{"rendered":"<p>&#8220;Es indefendible&#8221;, dijo tras la quinta derrota consecutiva de su equipo sin marcar goles. El&#8230;<\/p>\n","protected":false},"author":1,"featured_media":0,"comment_status":"open","ping_status":"open","sticky":false,"template":"","format":"standard","meta":{"footnotes":""},"categories":[6],"tags":[],"class_list":["post-61099","post","type-post","status-publish","format-standard","has-post-thumbnail","hentry","category-deportes"],"_links":{"self":[{"href":"https:\/\/masquenoticiastucuman.com.ar\/index.php?rest_route=\/wp\/v2\/posts\/61099","targetHints":{"allow":["GET"]}}],"collection":[{"href":"https:\/\/masquenoticiastucuman.com.ar\/index.php?rest_route=\/wp\/v2\/posts"}],"about":[{"href":"https:\/\/masquenoticiastucuman.com.ar\/index.php?rest_route=\/wp\/v2\/types\/post"}],"author":[{"embeddable":true,"href":"https:\/\/masquenoticiastucuman.com.ar\/index.php?rest_route=\/wp\/v2\/users\/1"}],"replies":[{"embeddable":true,"href":"https:\/\/masquenoticiastucuman.com.ar\/index.php?rest_route=%2Fwp%2Fv2%2Fcomments&post=61099"}],"version-history":[{"count":0,"href":"https:\/\/masquenoticiastucuman.com.ar\/index.php?rest_route=\/wp\/v2\/posts\/61099\/revisions"}],"wp:attachment":[{"href":"https:\/\/masquenoticiastucuman.com.ar\/index.php?rest_route=%2Fwp%2Fv2%2Fmedia&parent=61099"}],"wp:term":[{"taxonomy":"category","embeddable":true,"href":"https:\/\/masquenoticiastucuman.com.ar\/index.php?rest_route=%2Fwp%2Fv2%2Fcategories&post=61099"},{"taxonomy":"post_tag","embeddable":true,"href":"https:\/\/masquenoticiastucuman.com.ar\/index.php?rest_route=%2Fwp%2Fv2%2Ftags&post=61099"}],"curies":[{"name":"wp","href":"https:\/\/api.w.org\/{rel}","templated":true}]}}