{"id":61101,"date":"2026-04-22T16:30:11","date_gmt":"2026-04-22T19:30:11","guid":{"rendered":"http:\/\/masquenoticiastucuman.com.ar\/?p=61101"},"modified":"2026-04-22T16:30:11","modified_gmt":"2026-04-22T19:30:11","slug":"la-geografia-riesgosa-de-la-nube-en-tiempos-de-la-inteligencia-artificial-y-la-guerra-contra-iran","status":"publish","type":"post","link":"https:\/\/masquenoticiastucuman.com.ar\/?p=61101","title":{"rendered":"La geograf\u00eda riesgosa de la nube en tiempos de la inteligencia artificial y la guerra contra Ir\u00e1n"},"content":{"rendered":"<ul>\n<li>Los ataques iran\u00edes a centros de datos en el Golfo han puesto de manifiesto una vulnerabilidad que muchos prefer\u00edan ignorar. <\/li>\n<li>La infraestructura que sustenta la IA, la computaci\u00f3n en la nube y otras industrias no es solo un activo cibern\u00e9tico o comercial, sino tambi\u00e9n un objetivo tentador.<\/li>\n<\/ul>\n<p>\u200bLos ataques iran\u00edes a centros de datos en el Golfo han puesto de manifiesto una vulnerabilidad que muchos prefer\u00edan ignorar. La infraestructura que sustenta la IA, la computaci\u00f3n en la nube y otras industrias no es solo un activo cibern\u00e9tico o comercial, sino tambi\u00e9n un objetivo tentador.\u00a0<a href=\"https:\/\/www.clarin.com\/mundo\/geografia-riesgosa-nube-tiempos-inteligencia-artificial-guerra-iran_0_IFBo9vVUKI.html\" target=\"_blank\" class=\"feedzy-rss-link-icon\">Read More<\/a><\/p>","protected":false},"excerpt":{"rendered":"<p>Los ataques iran\u00edes a centros de datos en el Golfo han puesto de manifiesto una&#8230;<\/p>\n","protected":false},"author":1,"featured_media":61102,"comment_status":"open","ping_status":"open","sticky":false,"template":"","format":"standard","meta":{"footnotes":""},"categories":[4],"tags":[],"class_list":["post-61101","post","type-post","status-publish","format-standard","has-post-thumbnail","hentry","category-internacionales"],"_links":{"self":[{"href":"https:\/\/masquenoticiastucuman.com.ar\/index.php?rest_route=\/wp\/v2\/posts\/61101","targetHints":{"allow":["GET"]}}],"collection":[{"href":"https:\/\/masquenoticiastucuman.com.ar\/index.php?rest_route=\/wp\/v2\/posts"}],"about":[{"href":"https:\/\/masquenoticiastucuman.com.ar\/index.php?rest_route=\/wp\/v2\/types\/post"}],"author":[{"embeddable":true,"href":"https:\/\/masquenoticiastucuman.com.ar\/index.php?rest_route=\/wp\/v2\/users\/1"}],"replies":[{"embeddable":true,"href":"https:\/\/masquenoticiastucuman.com.ar\/index.php?rest_route=%2Fwp%2Fv2%2Fcomments&post=61101"}],"version-history":[{"count":0,"href":"https:\/\/masquenoticiastucuman.com.ar\/index.php?rest_route=\/wp\/v2\/posts\/61101\/revisions"}],"wp:featuredmedia":[{"embeddable":true,"href":"https:\/\/masquenoticiastucuman.com.ar\/index.php?rest_route=\/wp\/v2\/media\/61102"}],"wp:attachment":[{"href":"https:\/\/masquenoticiastucuman.com.ar\/index.php?rest_route=%2Fwp%2Fv2%2Fmedia&parent=61101"}],"wp:term":[{"taxonomy":"category","embeddable":true,"href":"https:\/\/masquenoticiastucuman.com.ar\/index.php?rest_route=%2Fwp%2Fv2%2Fcategories&post=61101"},{"taxonomy":"post_tag","embeddable":true,"href":"https:\/\/masquenoticiastucuman.com.ar\/index.php?rest_route=%2Fwp%2Fv2%2Ftags&post=61101"}],"curies":[{"name":"wp","href":"https:\/\/api.w.org\/{rel}","templated":true}]}}