{"id":61105,"date":"2026-04-22T16:51:29","date_gmt":"2026-04-22T19:51:29","guid":{"rendered":"http:\/\/masquenoticiastucuman.com.ar\/?p=61105"},"modified":"2026-04-22T16:51:29","modified_gmt":"2026-04-22T19:51:29","slug":"la-argentina-de-francisco-el-documental-del-vaticano-que-viaja-a-las-raices-de-jorge-bergoglio","status":"publish","type":"post","link":"https:\/\/masquenoticiastucuman.com.ar\/?p=61105","title":{"rendered":"La Argentina de Francisco, el documental del Vaticano que viaja a las ra\u00edces de Jorge Bergoglio"},"content":{"rendered":"<ul>\n<li>El filme conmemora el primer a\u00f1o sin el Papa argentino y se puede ver en forma gratuita hasta el 9 de mayo en la plataforma italiana Play2000.<\/li>\n<li>Destaca c\u00f3mo su visi\u00f3n social de una Iglesia inclusiva se gest\u00f3 a partir de su trabajo en las villas.<\/li>\n<\/ul>\n<p>\u200bEl filme conmemora el primer a\u00f1o sin el Papa argentino y se puede ver en forma gratuita hasta el 9 de mayo en la plataforma italiana Play2000.Destaca c\u00f3mo su visi\u00f3n social de una Iglesia inclusiva se gest\u00f3 a partir de su trabajo en las villas.\u00a0<a href=\"https:\/\/www.clarin.com\/espectaculos\/argentina-francisco-documental-vaticano-viaja-raices-jorge-bergoglio_0_TwkIKdr6wY.html\" target=\"_blank\" class=\"feedzy-rss-link-icon\">Read More<\/a><\/p>","protected":false},"excerpt":{"rendered":"<p>El filme conmemora el primer a\u00f1o sin el Papa argentino y se puede ver en&#8230;<\/p>\n","protected":false},"author":1,"featured_media":0,"comment_status":"open","ping_status":"open","sticky":false,"template":"","format":"standard","meta":{"footnotes":""},"categories":[5],"tags":[],"class_list":["post-61105","post","type-post","status-publish","format-standard","has-post-thumbnail","hentry","category-espectaculo"],"_links":{"self":[{"href":"https:\/\/masquenoticiastucuman.com.ar\/index.php?rest_route=\/wp\/v2\/posts\/61105","targetHints":{"allow":["GET"]}}],"collection":[{"href":"https:\/\/masquenoticiastucuman.com.ar\/index.php?rest_route=\/wp\/v2\/posts"}],"about":[{"href":"https:\/\/masquenoticiastucuman.com.ar\/index.php?rest_route=\/wp\/v2\/types\/post"}],"author":[{"embeddable":true,"href":"https:\/\/masquenoticiastucuman.com.ar\/index.php?rest_route=\/wp\/v2\/users\/1"}],"replies":[{"embeddable":true,"href":"https:\/\/masquenoticiastucuman.com.ar\/index.php?rest_route=%2Fwp%2Fv2%2Fcomments&post=61105"}],"version-history":[{"count":0,"href":"https:\/\/masquenoticiastucuman.com.ar\/index.php?rest_route=\/wp\/v2\/posts\/61105\/revisions"}],"wp:attachment":[{"href":"https:\/\/masquenoticiastucuman.com.ar\/index.php?rest_route=%2Fwp%2Fv2%2Fmedia&parent=61105"}],"wp:term":[{"taxonomy":"category","embeddable":true,"href":"https:\/\/masquenoticiastucuman.com.ar\/index.php?rest_route=%2Fwp%2Fv2%2Fcategories&post=61105"},{"taxonomy":"post_tag","embeddable":true,"href":"https:\/\/masquenoticiastucuman.com.ar\/index.php?rest_route=%2Fwp%2Fv2%2Ftags&post=61105"}],"curies":[{"name":"wp","href":"https:\/\/api.w.org\/{rel}","templated":true}]}}