{"id":61106,"date":"2026-04-22T16:56:14","date_gmt":"2026-04-22T19:56:14","guid":{"rendered":"http:\/\/masquenoticiastucuman.com.ar\/?p=61106"},"modified":"2026-04-22T16:56:14","modified_gmt":"2026-04-22T19:56:14","slug":"el-chelo-delgado-dijo-que-por-ahora-boca-no-ira-en-busca-de-un-arquero-tras-la-lesion-de-marchesin-y-hablo-de-la-renovacion-del-changuito-zeballos","status":"publish","type":"post","link":"https:\/\/masquenoticiastucuman.com.ar\/?p=61106","title":{"rendered":"El Chelo Delgado dijo que por ahora Boca no ir\u00e1 en busca de un arquero tras la lesi\u00f3n de Marches\u00edn y habl\u00f3 de la renovaci\u00f3n del Changuito Zeballos"},"content":{"rendered":"<ul>\n<li>El encargado del f\u00fatbol profesional afirm\u00f3 que apostar\u00e1n por Brey y Javi Garc\u00eda.<\/li>\n<li>Adem\u00e1s, dijo que la intenci\u00f3n es renovar el contrato con el delantero santiague\u00f1o.<\/li>\n<li>Sobre Claudio Ubeda dijo: &#8220;Siempre mantuvimos la calma y apostamos por \u00e9l&#8221;.<\/li>\n<\/ul>\n<p>\u200bEl encargado del f\u00fatbol profesional afirm\u00f3 que apostar\u00e1n por Brey y Javi Garc\u00eda.Adem\u00e1s, dijo que la intenci\u00f3n es renovar el contrato con el delantero santiague\u00f1o.Sobre Claudio Ubeda dijo: &#8220;Siempre mantuvimos la calma y apostamos por \u00e9l&#8221;.\u00a0<a href=\"https:\/\/www.clarin.com\/deportes\/chelo-delgado-dijo-ahora-boca-ira-busca-arquero-lesion-marchesin-hablo-renovacion-changuito-zeballos_0_rHgXFOaMgF.html\" target=\"_blank\" class=\"feedzy-rss-link-icon\">Read More<\/a><\/p>","protected":false},"excerpt":{"rendered":"<p>El encargado del f\u00fatbol profesional afirm\u00f3 que apostar\u00e1n por Brey y Javi Garc\u00eda. Adem\u00e1s, dijo&#8230;<\/p>\n","protected":false},"author":1,"featured_media":0,"comment_status":"open","ping_status":"open","sticky":false,"template":"","format":"standard","meta":{"footnotes":""},"categories":[6],"tags":[],"class_list":["post-61106","post","type-post","status-publish","format-standard","has-post-thumbnail","hentry","category-deportes"],"_links":{"self":[{"href":"https:\/\/masquenoticiastucuman.com.ar\/index.php?rest_route=\/wp\/v2\/posts\/61106","targetHints":{"allow":["GET"]}}],"collection":[{"href":"https:\/\/masquenoticiastucuman.com.ar\/index.php?rest_route=\/wp\/v2\/posts"}],"about":[{"href":"https:\/\/masquenoticiastucuman.com.ar\/index.php?rest_route=\/wp\/v2\/types\/post"}],"author":[{"embeddable":true,"href":"https:\/\/masquenoticiastucuman.com.ar\/index.php?rest_route=\/wp\/v2\/users\/1"}],"replies":[{"embeddable":true,"href":"https:\/\/masquenoticiastucuman.com.ar\/index.php?rest_route=%2Fwp%2Fv2%2Fcomments&post=61106"}],"version-history":[{"count":0,"href":"https:\/\/masquenoticiastucuman.com.ar\/index.php?rest_route=\/wp\/v2\/posts\/61106\/revisions"}],"wp:attachment":[{"href":"https:\/\/masquenoticiastucuman.com.ar\/index.php?rest_route=%2Fwp%2Fv2%2Fmedia&parent=61106"}],"wp:term":[{"taxonomy":"category","embeddable":true,"href":"https:\/\/masquenoticiastucuman.com.ar\/index.php?rest_route=%2Fwp%2Fv2%2Fcategories&post=61106"},{"taxonomy":"post_tag","embeddable":true,"href":"https:\/\/masquenoticiastucuman.com.ar\/index.php?rest_route=%2Fwp%2Fv2%2Ftags&post=61106"}],"curies":[{"name":"wp","href":"https:\/\/api.w.org\/{rel}","templated":true}]}}