{"id":61108,"date":"2026-04-22T17:09:45","date_gmt":"2026-04-22T20:09:45","guid":{"rendered":"http:\/\/masquenoticiastucuman.com.ar\/?p=61108"},"modified":"2026-04-22T17:09:45","modified_gmt":"2026-04-22T20:09:45","slug":"la-actividad-economica-volvio-a-caer-fuerte-en-febrero-retrocedio-26-contra-enero","status":"publish","type":"post","link":"https:\/\/masquenoticiastucuman.com.ar\/?p=61108","title":{"rendered":"La actividad econ\u00f3mica volvi\u00f3 a caer fuerte en febrero: retrocedi\u00f3 2,6% contra enero"},"content":{"rendered":"<ul>\n<li>Son datos del INDEC correspondientes al Estimador Mensual de Actividad Econ\u00f3mica.<\/li>\n<li>Respecto al a\u00f1o anterior el \u00edndice perdi\u00f3 2,1%, la mayor baja en 17 meses.<\/li>\n<\/ul>\n<p>\u200bSon datos del INDEC correspondientes al Estimador Mensual de Actividad Econ\u00f3mica.Respecto al a\u00f1o anterior el \u00edndice perdi\u00f3 2,1%, la mayor baja en 17 meses.\u00a0<a href=\"https:\/\/www.clarin.com\/economia\/actividad-economica-volvio-caer-fuerte-febrero-retrocedio-26-enero_0_9QMkNXeQlI.html\" target=\"_blank\" class=\"feedzy-rss-link-icon\">Read More<\/a><\/p>","protected":false},"excerpt":{"rendered":"<p>Son datos del INDEC correspondientes al Estimador Mensual de Actividad Econ\u00f3mica. Respecto al a\u00f1o anterior&#8230;<\/p>\n","protected":false},"author":1,"featured_media":0,"comment_status":"open","ping_status":"open","sticky":false,"template":"","format":"standard","meta":{"footnotes":""},"categories":[3],"tags":[],"class_list":["post-61108","post","type-post","status-publish","format-standard","has-post-thumbnail","hentry","category-nacionales"],"_links":{"self":[{"href":"https:\/\/masquenoticiastucuman.com.ar\/index.php?rest_route=\/wp\/v2\/posts\/61108","targetHints":{"allow":["GET"]}}],"collection":[{"href":"https:\/\/masquenoticiastucuman.com.ar\/index.php?rest_route=\/wp\/v2\/posts"}],"about":[{"href":"https:\/\/masquenoticiastucuman.com.ar\/index.php?rest_route=\/wp\/v2\/types\/post"}],"author":[{"embeddable":true,"href":"https:\/\/masquenoticiastucuman.com.ar\/index.php?rest_route=\/wp\/v2\/users\/1"}],"replies":[{"embeddable":true,"href":"https:\/\/masquenoticiastucuman.com.ar\/index.php?rest_route=%2Fwp%2Fv2%2Fcomments&post=61108"}],"version-history":[{"count":0,"href":"https:\/\/masquenoticiastucuman.com.ar\/index.php?rest_route=\/wp\/v2\/posts\/61108\/revisions"}],"wp:attachment":[{"href":"https:\/\/masquenoticiastucuman.com.ar\/index.php?rest_route=%2Fwp%2Fv2%2Fmedia&parent=61108"}],"wp:term":[{"taxonomy":"category","embeddable":true,"href":"https:\/\/masquenoticiastucuman.com.ar\/index.php?rest_route=%2Fwp%2Fv2%2Fcategories&post=61108"},{"taxonomy":"post_tag","embeddable":true,"href":"https:\/\/masquenoticiastucuman.com.ar\/index.php?rest_route=%2Fwp%2Fv2%2Ftags&post=61108"}],"curies":[{"name":"wp","href":"https:\/\/api.w.org\/{rel}","templated":true}]}}