{"id":61112,"date":"2026-04-22T12:39:59","date_gmt":"2026-04-22T15:39:59","guid":{"rendered":"http:\/\/masquenoticiastucuman.com.ar\/?p=61112"},"modified":"2026-04-22T12:39:59","modified_gmt":"2026-04-22T15:39:59","slug":"mas-de-30-playas-un-castillo-y-vistas-al-mediterraneo-el-paseo-maritimo-que-parece-de-otro-mundo","status":"publish","type":"post","link":"https:\/\/masquenoticiastucuman.com.ar\/?p=61112","title":{"rendered":"M\u00e1s de 30 playas, un castillo y vistas al Mediterr\u00e1neo: el paseo mar\u00edtimo que parece de otro mundo"},"content":{"rendered":"<ul>\n<li>Este rinc\u00f3n de Murcia combina playas v\u00edrgenes, historia y uno de los paseos mar\u00edtimos m\u00e1s atractivos de Europa.<\/li>\n<\/ul>\n<p>\u200bEste rinc\u00f3n de Murcia combina playas v\u00edrgenes, historia y uno de los paseos mar\u00edtimos m\u00e1s atractivos de Europa.\u00a0<a href=\"https:\/\/www.clarin.com\/viajes\/30-playas-castillo-vistas-mediterraneo-paseo-maritimo-parece-mundo_0_9b7avISFuP.html\" target=\"_blank\" class=\"feedzy-rss-link-icon\">Read More<\/a><\/p>","protected":false},"excerpt":{"rendered":"<p>Este rinc\u00f3n de Murcia combina playas v\u00edrgenes, historia y uno de los paseos mar\u00edtimos m\u00e1s&#8230;<\/p>\n","protected":false},"author":1,"featured_media":0,"comment_status":"open","ping_status":"open","sticky":false,"template":"","format":"standard","meta":{"footnotes":""},"categories":[7],"tags":[],"class_list":["post-61112","post","type-post","status-publish","format-standard","has-post-thumbnail","hentry","category-turismo"],"_links":{"self":[{"href":"https:\/\/masquenoticiastucuman.com.ar\/index.php?rest_route=\/wp\/v2\/posts\/61112","targetHints":{"allow":["GET"]}}],"collection":[{"href":"https:\/\/masquenoticiastucuman.com.ar\/index.php?rest_route=\/wp\/v2\/posts"}],"about":[{"href":"https:\/\/masquenoticiastucuman.com.ar\/index.php?rest_route=\/wp\/v2\/types\/post"}],"author":[{"embeddable":true,"href":"https:\/\/masquenoticiastucuman.com.ar\/index.php?rest_route=\/wp\/v2\/users\/1"}],"replies":[{"embeddable":true,"href":"https:\/\/masquenoticiastucuman.com.ar\/index.php?rest_route=%2Fwp%2Fv2%2Fcomments&post=61112"}],"version-history":[{"count":0,"href":"https:\/\/masquenoticiastucuman.com.ar\/index.php?rest_route=\/wp\/v2\/posts\/61112\/revisions"}],"wp:attachment":[{"href":"https:\/\/masquenoticiastucuman.com.ar\/index.php?rest_route=%2Fwp%2Fv2%2Fmedia&parent=61112"}],"wp:term":[{"taxonomy":"category","embeddable":true,"href":"https:\/\/masquenoticiastucuman.com.ar\/index.php?rest_route=%2Fwp%2Fv2%2Fcategories&post=61112"},{"taxonomy":"post_tag","embeddable":true,"href":"https:\/\/masquenoticiastucuman.com.ar\/index.php?rest_route=%2Fwp%2Fv2%2Ftags&post=61112"}],"curies":[{"name":"wp","href":"https:\/\/api.w.org\/{rel}","templated":true}]}}