{"id":61113,"date":"2026-04-22T18:23:30","date_gmt":"2026-04-22T21:23:30","guid":{"rendered":"http:\/\/masquenoticiastucuman.com.ar\/?p=61113"},"modified":"2026-04-22T18:23:30","modified_gmt":"2026-04-22T21:23:30","slug":"lamine-yamal-pateo-un-penal-para-barcelona-y-se-lesiono-que-le-paso-a-la-estrella-de-espana-a-50-dias-del-mundial-2026","status":"publish","type":"post","link":"https:\/\/masquenoticiastucuman.com.ar\/?p=61113","title":{"rendered":"Lamine Yamal pate\u00f3 un penal para Barcelona y se lesion\u00f3: qu\u00e9 le pas\u00f3 a la estrella de Espa\u00f1a a 50 d\u00edas del Mundial 2026"},"content":{"rendered":"<ul>\n<li>El delantero convirti\u00f3 contra el Celta de Vigo pero pidi\u00f3 el cambio.<\/li>\n<li>Mir\u00e1 el video.<\/li>\n<\/ul>\n<p>\u200bEl delantero convirti\u00f3 contra el Celta de Vigo pero pidi\u00f3 el cambio.Mir\u00e1 el video.\u00a0<a href=\"https:\/\/www.clarin.com\/deportes\/lamine-yamal-pateo-penal-barcelona-lesiono-paso-estrella-espana-50-dias-mundial-2026_0_Me2ELMgcOo.html\" target=\"_blank\" class=\"feedzy-rss-link-icon\">Read More<\/a><\/p>","protected":false},"excerpt":{"rendered":"<p>El delantero convirti\u00f3 contra el Celta de Vigo pero pidi\u00f3 el cambio. Mir\u00e1 el video&#8230;.<\/p>\n","protected":false},"author":1,"featured_media":0,"comment_status":"open","ping_status":"open","sticky":false,"template":"","format":"standard","meta":{"footnotes":""},"categories":[6],"tags":[],"class_list":["post-61113","post","type-post","status-publish","format-standard","has-post-thumbnail","hentry","category-deportes"],"_links":{"self":[{"href":"https:\/\/masquenoticiastucuman.com.ar\/index.php?rest_route=\/wp\/v2\/posts\/61113","targetHints":{"allow":["GET"]}}],"collection":[{"href":"https:\/\/masquenoticiastucuman.com.ar\/index.php?rest_route=\/wp\/v2\/posts"}],"about":[{"href":"https:\/\/masquenoticiastucuman.com.ar\/index.php?rest_route=\/wp\/v2\/types\/post"}],"author":[{"embeddable":true,"href":"https:\/\/masquenoticiastucuman.com.ar\/index.php?rest_route=\/wp\/v2\/users\/1"}],"replies":[{"embeddable":true,"href":"https:\/\/masquenoticiastucuman.com.ar\/index.php?rest_route=%2Fwp%2Fv2%2Fcomments&post=61113"}],"version-history":[{"count":0,"href":"https:\/\/masquenoticiastucuman.com.ar\/index.php?rest_route=\/wp\/v2\/posts\/61113\/revisions"}],"wp:attachment":[{"href":"https:\/\/masquenoticiastucuman.com.ar\/index.php?rest_route=%2Fwp%2Fv2%2Fmedia&parent=61113"}],"wp:term":[{"taxonomy":"category","embeddable":true,"href":"https:\/\/masquenoticiastucuman.com.ar\/index.php?rest_route=%2Fwp%2Fv2%2Fcategories&post=61113"},{"taxonomy":"post_tag","embeddable":true,"href":"https:\/\/masquenoticiastucuman.com.ar\/index.php?rest_route=%2Fwp%2Fv2%2Ftags&post=61113"}],"curies":[{"name":"wp","href":"https:\/\/api.w.org\/{rel}","templated":true}]}}