{"id":61114,"date":"2026-04-22T18:05:21","date_gmt":"2026-04-22T21:05:21","guid":{"rendered":"http:\/\/masquenoticiastucuman.com.ar\/?p=61114"},"modified":"2026-04-22T18:05:21","modified_gmt":"2026-04-22T21:05:21","slug":"alemania-pierde-una-de-sus-figuras-para-el-mundial-2026-el-delantero-que-sufrio-una-grave-lesion-en-un-campeonato-de-penales","status":"publish","type":"post","link":"https:\/\/masquenoticiastucuman.com.ar\/?p=61114","title":{"rendered":"Alemania pierde una de sus figuras para el Mundial 2026: el delantero que sufri\u00f3 una grave lesi\u00f3n en un campeonato de penales"},"content":{"rendered":"<ul>\n<li>Se trata de Serge Gnabry, delantero del Bayern M\u00fanich.<\/li>\n<li>El futbolista con ascendencia marfile\u00f1a se cort\u00f3 el tend\u00f3n del aductor de la pierna derecha.<\/li>\n<li>&#8220;Animar\u00e9 a los chicos desde casa&#8221;, escribi\u00f3 en sus redes sociales.<\/li>\n<\/ul>\n<p>\u200bSe trata de Serge Gnabry, delantero del Bayern M\u00fanich.El futbolista con ascendencia marfile\u00f1a se cort\u00f3 el tend\u00f3n del aductor de la pierna derecha.&#8221;Animar\u00e9 a los chicos desde casa&#8221;, escribi\u00f3 en sus redes sociales.\u00a0<a href=\"https:\/\/www.clarin.com\/deportes\/alemania-pierde-figuras-mundial-2026-delantero-sufrio-grave-lesion-campeonato-penales_0_qxryirCWIO.html\" target=\"_blank\" class=\"feedzy-rss-link-icon\">Read More<\/a><\/p>","protected":false},"excerpt":{"rendered":"<p>Se trata de Serge Gnabry, delantero del Bayern M\u00fanich. El futbolista con ascendencia marfile\u00f1a se&#8230;<\/p>\n","protected":false},"author":1,"featured_media":0,"comment_status":"open","ping_status":"open","sticky":false,"template":"","format":"standard","meta":{"footnotes":""},"categories":[6],"tags":[],"class_list":["post-61114","post","type-post","status-publish","format-standard","has-post-thumbnail","hentry","category-deportes"],"_links":{"self":[{"href":"https:\/\/masquenoticiastucuman.com.ar\/index.php?rest_route=\/wp\/v2\/posts\/61114","targetHints":{"allow":["GET"]}}],"collection":[{"href":"https:\/\/masquenoticiastucuman.com.ar\/index.php?rest_route=\/wp\/v2\/posts"}],"about":[{"href":"https:\/\/masquenoticiastucuman.com.ar\/index.php?rest_route=\/wp\/v2\/types\/post"}],"author":[{"embeddable":true,"href":"https:\/\/masquenoticiastucuman.com.ar\/index.php?rest_route=\/wp\/v2\/users\/1"}],"replies":[{"embeddable":true,"href":"https:\/\/masquenoticiastucuman.com.ar\/index.php?rest_route=%2Fwp%2Fv2%2Fcomments&post=61114"}],"version-history":[{"count":0,"href":"https:\/\/masquenoticiastucuman.com.ar\/index.php?rest_route=\/wp\/v2\/posts\/61114\/revisions"}],"wp:attachment":[{"href":"https:\/\/masquenoticiastucuman.com.ar\/index.php?rest_route=%2Fwp%2Fv2%2Fmedia&parent=61114"}],"wp:term":[{"taxonomy":"category","embeddable":true,"href":"https:\/\/masquenoticiastucuman.com.ar\/index.php?rest_route=%2Fwp%2Fv2%2Fcategories&post=61114"},{"taxonomy":"post_tag","embeddable":true,"href":"https:\/\/masquenoticiastucuman.com.ar\/index.php?rest_route=%2Fwp%2Fv2%2Ftags&post=61114"}],"curies":[{"name":"wp","href":"https:\/\/api.w.org\/{rel}","templated":true}]}}