{"id":61117,"date":"2026-04-22T18:40:52","date_gmt":"2026-04-22T21:40:52","guid":{"rendered":"http:\/\/masquenoticiastucuman.com.ar\/?p=61117"},"modified":"2026-04-22T18:40:52","modified_gmt":"2026-04-22T21:40:52","slug":"mindlin-le-presento-otro-rigi-a-milei-quiere-invertir-us-2-400-millones-para-producir-fertilizantes-en-bahia-blanca","status":"publish","type":"post","link":"https:\/\/masquenoticiastucuman.com.ar\/?p=61117","title":{"rendered":"Mindlin le present\u00f3 otro RIGI a Milei: quiere invertir US$ 2.400 millones para producir fertilizantes en Bah\u00eda Blanca"},"content":{"rendered":"<ul>\n<li>Pampa Energ\u00eda, a trav\u00e9s de una subsidiaria, busca la protecci\u00f3n para una inversi\u00f3n que pe permita invertir en urea, amon\u00edaco y di\u00f3xido, un plan todav\u00eda a definir.<\/li>\n<li>Marcelo Mindlin y sus socios est\u00e1n buscando financiamiento del Banco Interamericano de Desarrollo (BID) y del Banco Mundial.<\/li>\n<\/ul>\n<p>\u200bPampa Energ\u00eda, a trav\u00e9s de una subsidiaria, busca la protecci\u00f3n para una inversi\u00f3n que pe permita invertir en urea, amon\u00edaco y di\u00f3xido, un plan todav\u00eda a definir.Marcelo Mindlin y sus socios est\u00e1n buscando financiamiento del Banco Interamericano de Desarrollo (BID) y del Banco Mundial.\u00a0<a href=\"https:\/\/www.clarin.com\/economia\/mindlin-presento-rigi-milei-quiere-invertir-us-2400-millones-producir-fertilizantes-bahia-blanca_0_IbalReuIF9.html\" target=\"_blank\" class=\"feedzy-rss-link-icon\">Read More<\/a><\/p>","protected":false},"excerpt":{"rendered":"<p>Pampa Energ\u00eda, a trav\u00e9s de una subsidiaria, busca la protecci\u00f3n para una inversi\u00f3n que pe&#8230;<\/p>\n","protected":false},"author":1,"featured_media":0,"comment_status":"open","ping_status":"open","sticky":false,"template":"","format":"standard","meta":{"footnotes":""},"categories":[3],"tags":[],"class_list":["post-61117","post","type-post","status-publish","format-standard","has-post-thumbnail","hentry","category-nacionales"],"_links":{"self":[{"href":"https:\/\/masquenoticiastucuman.com.ar\/index.php?rest_route=\/wp\/v2\/posts\/61117","targetHints":{"allow":["GET"]}}],"collection":[{"href":"https:\/\/masquenoticiastucuman.com.ar\/index.php?rest_route=\/wp\/v2\/posts"}],"about":[{"href":"https:\/\/masquenoticiastucuman.com.ar\/index.php?rest_route=\/wp\/v2\/types\/post"}],"author":[{"embeddable":true,"href":"https:\/\/masquenoticiastucuman.com.ar\/index.php?rest_route=\/wp\/v2\/users\/1"}],"replies":[{"embeddable":true,"href":"https:\/\/masquenoticiastucuman.com.ar\/index.php?rest_route=%2Fwp%2Fv2%2Fcomments&post=61117"}],"version-history":[{"count":0,"href":"https:\/\/masquenoticiastucuman.com.ar\/index.php?rest_route=\/wp\/v2\/posts\/61117\/revisions"}],"wp:attachment":[{"href":"https:\/\/masquenoticiastucuman.com.ar\/index.php?rest_route=%2Fwp%2Fv2%2Fmedia&parent=61117"}],"wp:term":[{"taxonomy":"category","embeddable":true,"href":"https:\/\/masquenoticiastucuman.com.ar\/index.php?rest_route=%2Fwp%2Fv2%2Fcategories&post=61117"},{"taxonomy":"post_tag","embeddable":true,"href":"https:\/\/masquenoticiastucuman.com.ar\/index.php?rest_route=%2Fwp%2Fv2%2Ftags&post=61117"}],"curies":[{"name":"wp","href":"https:\/\/api.w.org\/{rel}","templated":true}]}}