{"id":61120,"date":"2026-04-22T19:22:14","date_gmt":"2026-04-22T22:22:14","guid":{"rendered":"http:\/\/masquenoticiastucuman.com.ar\/?p=61120"},"modified":"2026-04-22T19:22:14","modified_gmt":"2026-04-22T22:22:14","slug":"franco-colapinto-junto-a-jorge-macri-visito-el-avance-de-las-obras-en-el-autodromo-de-buenos-aires-se-sorprendio","status":"publish","type":"post","link":"https:\/\/masquenoticiastucuman.com.ar\/?p=61120","title":{"rendered":"Franco Colapinto, junto a Jorge Macri, visit\u00f3 el avance de las obras en el aut\u00f3dromo de Buenos Aires: &#8220;Se sorprendi\u00f3&#8221;"},"content":{"rendered":"<ul>\n<li>El jefe de Gobierno porte\u00f1o recibi\u00f3 al piloto argentino de la F\u00f3rmula 1, que el domingo realizar\u00e1 una exhibici\u00f3n en Palermo.<\/li>\n<li>Mir\u00e1 el video.<\/li>\n<\/ul>\n<p>\u200bEl jefe de Gobierno porte\u00f1o recibi\u00f3 al piloto argentino de la F\u00f3rmula 1, que el domingo realizar\u00e1 una exhibici\u00f3n en Palermo.Mir\u00e1 el video.\u00a0<a href=\"https:\/\/www.clarin.com\/deportes\/franco-colapinto-junto-jorge-macri-visito-avance-obras-autodromo-buenos-aires-sorprendio_0_KGVNg03NGt.html\" target=\"_blank\" class=\"feedzy-rss-link-icon\">Read More<\/a><\/p>","protected":false},"excerpt":{"rendered":"<p>El jefe de Gobierno porte\u00f1o recibi\u00f3 al piloto argentino de la F\u00f3rmula 1, que el&#8230;<\/p>\n","protected":false},"author":1,"featured_media":0,"comment_status":"open","ping_status":"open","sticky":false,"template":"","format":"standard","meta":{"footnotes":""},"categories":[6],"tags":[],"class_list":["post-61120","post","type-post","status-publish","format-standard","has-post-thumbnail","hentry","category-deportes"],"_links":{"self":[{"href":"https:\/\/masquenoticiastucuman.com.ar\/index.php?rest_route=\/wp\/v2\/posts\/61120","targetHints":{"allow":["GET"]}}],"collection":[{"href":"https:\/\/masquenoticiastucuman.com.ar\/index.php?rest_route=\/wp\/v2\/posts"}],"about":[{"href":"https:\/\/masquenoticiastucuman.com.ar\/index.php?rest_route=\/wp\/v2\/types\/post"}],"author":[{"embeddable":true,"href":"https:\/\/masquenoticiastucuman.com.ar\/index.php?rest_route=\/wp\/v2\/users\/1"}],"replies":[{"embeddable":true,"href":"https:\/\/masquenoticiastucuman.com.ar\/index.php?rest_route=%2Fwp%2Fv2%2Fcomments&post=61120"}],"version-history":[{"count":0,"href":"https:\/\/masquenoticiastucuman.com.ar\/index.php?rest_route=\/wp\/v2\/posts\/61120\/revisions"}],"wp:attachment":[{"href":"https:\/\/masquenoticiastucuman.com.ar\/index.php?rest_route=%2Fwp%2Fv2%2Fmedia&parent=61120"}],"wp:term":[{"taxonomy":"category","embeddable":true,"href":"https:\/\/masquenoticiastucuman.com.ar\/index.php?rest_route=%2Fwp%2Fv2%2Fcategories&post=61120"},{"taxonomy":"post_tag","embeddable":true,"href":"https:\/\/masquenoticiastucuman.com.ar\/index.php?rest_route=%2Fwp%2Fv2%2Ftags&post=61120"}],"curies":[{"name":"wp","href":"https:\/\/api.w.org\/{rel}","templated":true}]}}