{"id":61126,"date":"2026-04-23T00:52:36","date_gmt":"2026-04-23T03:52:36","guid":{"rendered":"http:\/\/masquenoticiastucuman.com.ar\/?p=61126"},"modified":"2026-04-23T00:52:36","modified_gmt":"2026-04-23T03:52:36","slug":"tenso-momento-en-la-copa-argentina-un-hincha-arrebato-la-camara-principal-del-partido-y-se-filmo-en-vivo","status":"publish","type":"post","link":"https:\/\/masquenoticiastucuman.com.ar\/?p=61126","title":{"rendered":"Tenso momento en la Copa Argentina: un hincha arrebat\u00f3 la c\u00e1mara principal del partido y se film\u00f3 en vivo"},"content":{"rendered":"<ul>\n<li>Ocurri\u00f3 en el duelo en que Gimnasia La Plata gole\u00f3 a Acassuso, que se jug\u00f3 este mi\u00e9rcoles en Caseros.<\/li>\n<li>Tanto el relator como el comentarista del canal TyC Sports, quienes emit\u00edan el choque, continuaron con la transmisi\u00f3n como si no hubiese pasado nada.<\/li>\n<\/ul>\n<p>\u200bOcurri\u00f3 en el duelo en que Gimnasia La Plata gole\u00f3 a Acassuso, que se jug\u00f3 este mi\u00e9rcoles en Caseros.Tanto el relator como el comentarista del canal TyC Sports, quienes emit\u00edan el choque, continuaron con la transmisi\u00f3n como si no hubiese pasado nada.\u00a0<a href=\"https:\/\/www.clarin.com\/deportes\/tenso-momento-copa-argentina-hincha-arrebato-camara-principal-partido-filmo-vivo_0_hMyVzb5uQR.html\" target=\"_blank\" class=\"feedzy-rss-link-icon\">Read More<\/a><\/p>","protected":false},"excerpt":{"rendered":"<p>Ocurri\u00f3 en el duelo en que Gimnasia La Plata gole\u00f3 a Acassuso, que se jug\u00f3&#8230;<\/p>\n","protected":false},"author":1,"featured_media":0,"comment_status":"open","ping_status":"open","sticky":false,"template":"","format":"standard","meta":{"footnotes":""},"categories":[6],"tags":[],"class_list":["post-61126","post","type-post","status-publish","format-standard","has-post-thumbnail","hentry","category-deportes"],"_links":{"self":[{"href":"https:\/\/masquenoticiastucuman.com.ar\/index.php?rest_route=\/wp\/v2\/posts\/61126","targetHints":{"allow":["GET"]}}],"collection":[{"href":"https:\/\/masquenoticiastucuman.com.ar\/index.php?rest_route=\/wp\/v2\/posts"}],"about":[{"href":"https:\/\/masquenoticiastucuman.com.ar\/index.php?rest_route=\/wp\/v2\/types\/post"}],"author":[{"embeddable":true,"href":"https:\/\/masquenoticiastucuman.com.ar\/index.php?rest_route=\/wp\/v2\/users\/1"}],"replies":[{"embeddable":true,"href":"https:\/\/masquenoticiastucuman.com.ar\/index.php?rest_route=%2Fwp%2Fv2%2Fcomments&post=61126"}],"version-history":[{"count":0,"href":"https:\/\/masquenoticiastucuman.com.ar\/index.php?rest_route=\/wp\/v2\/posts\/61126\/revisions"}],"wp:attachment":[{"href":"https:\/\/masquenoticiastucuman.com.ar\/index.php?rest_route=%2Fwp%2Fv2%2Fmedia&parent=61126"}],"wp:term":[{"taxonomy":"category","embeddable":true,"href":"https:\/\/masquenoticiastucuman.com.ar\/index.php?rest_route=%2Fwp%2Fv2%2Fcategories&post=61126"},{"taxonomy":"post_tag","embeddable":true,"href":"https:\/\/masquenoticiastucuman.com.ar\/index.php?rest_route=%2Fwp%2Fv2%2Ftags&post=61126"}],"curies":[{"name":"wp","href":"https:\/\/api.w.org\/{rel}","templated":true}]}}