{"id":61128,"date":"2026-04-23T05:24:18","date_gmt":"2026-04-23T08:24:18","guid":{"rendered":"http:\/\/masquenoticiastucuman.com.ar\/?p=61128"},"modified":"2026-04-23T05:24:18","modified_gmt":"2026-04-23T08:24:18","slug":"nacha-guevara-sufrio-un-accidente-y-tuvo-que-suspender-su-estreno-teatral-a-ultimo-momento-que-le-paso","status":"publish","type":"post","link":"https:\/\/masquenoticiastucuman.com.ar\/?p=61128","title":{"rendered":"Nacha Guevara sufri\u00f3 un accidente y tuvo que suspender su estreno teatral a \u00faltimo momento: qu\u00e9 le pas\u00f3"},"content":{"rendered":"<ul>\n<li>A horas de su debut junto a Alberto Favero en el Cervantes, se confirm\u00f3 la cancelaci\u00f3n de las funciones debido a un inconveniente dom\u00e9stico que sufri\u00f3 la actriz.<\/li>\n<li>El abrupto cambio de planes fue informado por la propia artista en sus redes sociales. Iban a debutar este jueves por la noche. <\/li>\n<\/ul>\n<p>\u200bA horas de su debut junto a Alberto Favero en el Cervantes, se confirm\u00f3 la cancelaci\u00f3n de las funciones debido a un inconveniente dom\u00e9stico que sufri\u00f3 la actriz.El abrupto cambio de planes fue informado por la propia artista en sus redes sociales. Iban a debutar este jueves por la noche.\u00a0<a href=\"https:\/\/www.clarin.com\/espectaculos\/nacha-guevara-sufrio-accidente-suspender-estreno-teatral-ultimo-momento-paso_0_HyydsUUOcs.html\" target=\"_blank\" class=\"feedzy-rss-link-icon\">Read More<\/a><\/p>","protected":false},"excerpt":{"rendered":"<p>A horas de su debut junto a Alberto Favero en el Cervantes, se confirm\u00f3 la&#8230;<\/p>\n","protected":false},"author":1,"featured_media":0,"comment_status":"open","ping_status":"open","sticky":false,"template":"","format":"standard","meta":{"footnotes":""},"categories":[5],"tags":[],"class_list":["post-61128","post","type-post","status-publish","format-standard","has-post-thumbnail","hentry","category-espectaculo"],"_links":{"self":[{"href":"https:\/\/masquenoticiastucuman.com.ar\/index.php?rest_route=\/wp\/v2\/posts\/61128","targetHints":{"allow":["GET"]}}],"collection":[{"href":"https:\/\/masquenoticiastucuman.com.ar\/index.php?rest_route=\/wp\/v2\/posts"}],"about":[{"href":"https:\/\/masquenoticiastucuman.com.ar\/index.php?rest_route=\/wp\/v2\/types\/post"}],"author":[{"embeddable":true,"href":"https:\/\/masquenoticiastucuman.com.ar\/index.php?rest_route=\/wp\/v2\/users\/1"}],"replies":[{"embeddable":true,"href":"https:\/\/masquenoticiastucuman.com.ar\/index.php?rest_route=%2Fwp%2Fv2%2Fcomments&post=61128"}],"version-history":[{"count":0,"href":"https:\/\/masquenoticiastucuman.com.ar\/index.php?rest_route=\/wp\/v2\/posts\/61128\/revisions"}],"wp:attachment":[{"href":"https:\/\/masquenoticiastucuman.com.ar\/index.php?rest_route=%2Fwp%2Fv2%2Fmedia&parent=61128"}],"wp:term":[{"taxonomy":"category","embeddable":true,"href":"https:\/\/masquenoticiastucuman.com.ar\/index.php?rest_route=%2Fwp%2Fv2%2Fcategories&post=61128"},{"taxonomy":"post_tag","embeddable":true,"href":"https:\/\/masquenoticiastucuman.com.ar\/index.php?rest_route=%2Fwp%2Fv2%2Ftags&post=61128"}],"curies":[{"name":"wp","href":"https:\/\/api.w.org\/{rel}","templated":true}]}}