{"id":61129,"date":"2026-04-23T07:31:20","date_gmt":"2026-04-23T10:31:20","guid":{"rendered":"https:\/\/masquenoticiastucuman.com.ar\/?p=61129"},"modified":"2026-04-23T07:31:21","modified_gmt":"2026-04-23T10:31:21","slug":"jaldo-inauguro-nuevas-tecnologias-en-la-textil-santista-argentina-en-famailla","status":"publish","type":"post","link":"https:\/\/masquenoticiastucuman.com.ar\/?p=61129","title":{"rendered":"Jaldo inaugur\u00f3 nuevas tecnolog\u00edas en la textil Santista Argentina en Famaill\u00e1"},"content":{"rendered":"\n<p>El gobernador destac\u00f3 la importancia de la inversi\u00f3n privada para el crecimiento genuino de la provincia y la creaci\u00f3n de empleo calificado.<\/p>\n\n\n\n<p id=\"isPasted\">El gobernador,&nbsp;<strong>Osvaldo Jaldo<\/strong>, visit\u00f3 ayer, la planta textil de&nbsp;<strong>Santista Argentina<\/strong>&nbsp;en la ciudad de Famaill\u00e1 para poner en marcha un ambicioso plan de actualizaci\u00f3n tecnol\u00f3gica, en el marco de los 100 a\u00f1os de la compa\u00f1\u00eda.&nbsp;<\/p>\n\n\n\n<p>El mandatario estuvo acompa\u00f1ado por el ministro de Gobierno y Justicia,&nbsp;<strong>Regino Amado<\/strong>; de Educaci\u00f3n,&nbsp;<strong>Susana Montaldo<\/strong>; el secretario de Producci\u00f3n,<strong>&nbsp;Eduardo Castro<\/strong>; de Trabajo,&nbsp;<strong>Andr\u00e9s Galv\u00e1n<\/strong>; de Gobierno,&nbsp;<strong>Ra\u00fal Albarrac\u00edn<\/strong>; el intendente,&nbsp;<strong>Enrique Orellana;<\/strong>&nbsp;la senadora&nbsp;<strong>Sandra Mendoza;<\/strong>&nbsp;concejales de Famaill\u00e1.&nbsp;<\/p>\n\n\n\n<p>Tambi\u00e9n estuvieron por la compa\u00f1\u00eda,&nbsp;<strong>Carlos Muia<\/strong>, director de la empresa;&nbsp;<strong>Jos\u00e9 Muia,<\/strong>&nbsp;director industrial;&nbsp;<strong>Jos\u00e9 Luis Torres<\/strong>, gerente industrial;&nbsp;<strong>Fabi\u00e1n Ceraldi<\/strong>&nbsp;director de RRHH;&nbsp;<strong>Gilberto Stocce&nbsp;<\/strong>accionista y CEO de&nbsp;<strong><\/strong>Santista Brasil.<\/p>\n\n\n\n<figure class=\"wp-block-image size-large\"><img loading=\"lazy\" decoding=\"async\" width=\"1024\" height=\"683\" src=\"https:\/\/masquenoticiastucuman.com.ar\/wp-content\/uploads\/2026\/04\/260422191611_27834-1024x683.png\" alt=\"\" class=\"wp-image-61130\" srcset=\"https:\/\/masquenoticiastucuman.com.ar\/wp-content\/uploads\/2026\/04\/260422191611_27834-1024x683.png 1024w, https:\/\/masquenoticiastucuman.com.ar\/wp-content\/uploads\/2026\/04\/260422191611_27834-300x200.png 300w, https:\/\/masquenoticiastucuman.com.ar\/wp-content\/uploads\/2026\/04\/260422191611_27834-768x512.png 768w, https:\/\/masquenoticiastucuman.com.ar\/wp-content\/uploads\/2026\/04\/260422191611_27834.png 1032w\" sizes=\"auto, (max-width: 1024px) 100vw, 1024px\" \/><\/figure>\n\n\n\n<p id=\"isPasted\">En el marco de la crisis que atraviesa el sector textil a nivel nacional, el gobernador destac\u00f3 la decisi\u00f3n de los accionistas de continuar invirtiendo en la provincia para mejorar la competitividad y la sostenibilidad ambiental. \u00abQuer\u00edamos acompa\u00f1ar este gran esfuerzo que est\u00e1 haciendo la empresa Santista. Estamos en un pa\u00eds que est\u00e1 en profundo cambio y a todos los cambios les tenemos que dar tiempo, pero sabemos que en el mientras tanto hay actividades que no la est\u00e1n pasando bien\u00bb, se\u00f1al\u00f3 Jaldo.<\/p>\n\n\n\n<p>El titular del Ejecutivo detall\u00f3 que la incorporaci\u00f3n de maquinaria de origen alem\u00e1n permitir\u00e1 optimizar la productividad y reducir costos operativos y de energ\u00eda. \u00abDonde tenemos un mercado interno que est\u00e1 bajando el consumo y sufrimos las importaciones, lejos de bajar los brazos o producir desinversiones, hoy ac\u00e1 en Tucum\u00e1n se est\u00e1 haciendo todo lo contrario. Nos estamos preparando para recuperar los niveles de producci\u00f3n\u00bb, afirm\u00f3.<\/p>\n\n\n\n<p>Asimismo, subray\u00f3 la importancia de la formaci\u00f3n profesional: \u00abLa tecnolog\u00eda requiere una mayor capacitaci\u00f3n del personal y aqu\u00ed se est\u00e1 trabajando no solo incorporando equipos, sino capacitando a su personal. Todos tenemos que ir en apoyo de esta actividad, porque ac\u00e1 son muchos los puestos de trabajo que est\u00e1n en juego\u00bb.<\/p>\n\n\n\n<p>Castro destac\u00f3 que \u201ces una inversi\u00f3n muy significativa, especialmente para una ciudad pujante como Famaill\u00e1, donde este tipo de iniciativas generan empleo y mejoran la calidad de vida de la comunidad\u201d.<\/p>\n\n\n\n<p>En ese sentido, remarc\u00f3 la importancia de sostener este tipo de apuestas econ\u00f3micas, particularmente en un contexto complejo. \u201cLa inversi\u00f3n de este grupo cobra a\u00fan m\u00e1s relevancia en momentos dif\u00edciles, porque impulsa la actividad productiva y fortalece el entramado econ\u00f3mico regional\u201d.<\/p>\n\n\n\n<p>Por su parte, Mendoza dijo que \u201cpara nosotros es fundamental que la empresa contin\u00fae en nuestra localidad, acompa\u00f1ando tambi\u00e9n el rumbo que impulsa el Gobierno provincial\u201d.<\/p>\n\n\n\n<figure class=\"wp-block-image size-large\"><img loading=\"lazy\" decoding=\"async\" width=\"1024\" height=\"682\" src=\"https:\/\/masquenoticiastucuman.com.ar\/wp-content\/uploads\/2026\/04\/260422191648_36094-1024x682.png\" alt=\"\" class=\"wp-image-61131\" srcset=\"https:\/\/masquenoticiastucuman.com.ar\/wp-content\/uploads\/2026\/04\/260422191648_36094-1024x682.png 1024w, https:\/\/masquenoticiastucuman.com.ar\/wp-content\/uploads\/2026\/04\/260422191648_36094-300x200.png 300w, https:\/\/masquenoticiastucuman.com.ar\/wp-content\/uploads\/2026\/04\/260422191648_36094-768x511.png 768w, https:\/\/masquenoticiastucuman.com.ar\/wp-content\/uploads\/2026\/04\/260422191648_36094.png 1280w\" sizes=\"auto, (max-width: 1024px) 100vw, 1024px\" \/><\/figure>\n\n\n\n<p>En ese marco, se\u00f1al\u00f3 que, en un escenario complejo para la industria argentina, resulta significativo que firmas locales logren mantenerse activas e incluso avanzar en procesos de modernizaci\u00f3n. \u201cEs un esfuerzo que merece ser reconocido y respaldado\u201d, afirm\u00f3.<\/p>\n\n\n\n<p>A su vez, puso el foco en la situaci\u00f3n laboral, uno de los principales desaf\u00edos del sector. \u201cLa preocupaci\u00f3n est\u00e1 en los trabajadores, porque hay casos en los que la ca\u00edda de la actividad impacta directamente en el empleo\u201d.<\/p>\n\n\n\n<p>Tambi\u00e9n, plante\u00f3 la necesidad de que el Gobierno nacional refuerce las pol\u00edticas de apoyo a la industria local. \u201cEs clave mirar hacia adentro, fortalecer nuestras empresas y promover la producci\u00f3n nacional. Eso es lo que genera oportunidades reales para nuestra gente y evita que tengan que buscar futuro en otros lugares\u201d.<\/p>\n\n\n\n<p id=\"isPasted\">&nbsp;El intendente Orellana destac\u00f3 el rol del Estado local en el acompa\u00f1amiento a las empresas que apuestan por la producci\u00f3n y el empleo en la ciudad. \u201cNuestra gesti\u00f3n, en l\u00ednea con el Gobierno provincial, tiene como prioridad apoyar a quienes invierten y generan trabajo, porque son el motor de la econom\u00eda\u201d, expres\u00f3.<\/p>\n\n\n\n<p>En ese sentido, el jefe municipal se\u00f1al\u00f3 que el contexto actual exige adaptarse a los cambios con una mirada estrat\u00e9gica. \u201cNos estamos adecuando a los tiempos que vivimos, con una visi\u00f3n de futuro en la que la tecnolog\u00eda permita reducir costos, mejorar salarios y sostener las fuentes laborales\u201d, afirm\u00f3.<\/p>\n\n\n\n<p>Orellana tambi\u00e9n remarc\u00f3 la diversidad de iniciativas que impulsa el municipio para fortalecer el crecimiento local, abarcando sectores como el turismo, la producci\u00f3n y la actividad empresarial. En ese marco, anunci\u00f3 la realizaci\u00f3n de la Expo Productiva del Norte Argentino, que se llevar\u00e1 a cabo del 21 al 25 de mayo en la ciudad.<\/p>\n\n\n\n<p>El evento, explic\u00f3, apunta a consolidar a Famaill\u00e1 como un polo de inversiones en la regi\u00f3n. \u201cEstamos convocando a inversores y ofreciendo facilidades concretas, como la disponibilidad de espacios f\u00edsicos y terrenos para el desarrollo de nuevos proyectos\u201d, indic\u00f3.<\/p>\n\n\n\n<p>Finalmente, subray\u00f3 la importancia de acompa\u00f1ar tanto a grandes empresas como a peque\u00f1os emprendedores. \u201cHemos logrado atraer inversiones de distintos niveles, pero tambi\u00e9n debemos cuidar especialmente a quienes est\u00e1n comenzando, porque son parte fundamental del entramado productivo local\u201d, concluy\u00f3.<\/p>\n\n\n\n<p id=\"isPasted\">El CEO de la firma, Carlos Muia, puso en valor el respaldo recibido por parte del municipio y del Gobierno provincial, al tiempo que reafirm\u00f3 el compromiso de la empresa con el desarrollo industrial. \u201cSiempre fuimos muy bien recibidos. Hay una frase que resume todo: sin industria no hay naci\u00f3n\u201d, sostuvo.<\/p>\n\n\n\n<figure class=\"wp-block-image size-large\"><img loading=\"lazy\" decoding=\"async\" width=\"1024\" height=\"683\" src=\"https:\/\/masquenoticiastucuman.com.ar\/wp-content\/uploads\/2026\/04\/260422191655_76476-1024x683.png\" alt=\"\" class=\"wp-image-61132\" srcset=\"https:\/\/masquenoticiastucuman.com.ar\/wp-content\/uploads\/2026\/04\/260422191655_76476-1024x683.png 1024w, https:\/\/masquenoticiastucuman.com.ar\/wp-content\/uploads\/2026\/04\/260422191655_76476-300x200.png 300w, https:\/\/masquenoticiastucuman.com.ar\/wp-content\/uploads\/2026\/04\/260422191655_76476-768x512.png 768w, https:\/\/masquenoticiastucuman.com.ar\/wp-content\/uploads\/2026\/04\/260422191655_76476.png 1032w\" sizes=\"auto, (max-width: 1024px) 100vw, 1024px\" \/><\/figure>\n\n\n\n<p>En esa l\u00ednea, remarc\u00f3 que el camino para sostener la actividad pasa por la inversi\u00f3n en innovaci\u00f3n y la mejora continua. \u201cTenemos que apostar a la tecnolog\u00eda, ser competitivos, cuidar el medio ambiente y profesionalizar a\u00fan m\u00e1s a nuestros colaboradores\u201d, afirm\u00f3. Sin embargo, advirti\u00f3 que la competencia debe darse en condiciones equitativas: \u201cAceptamos competir, pero queremos hacerlo con pa\u00edses que tengan las mismas reglas y cargas tributarias que nosotros\u201d.<\/p>\n\n\n\n<p>El empresario tambi\u00e9n cuestion\u00f3 el ingreso de productos importados elaborados bajo est\u00e1ndares laborales y ambientales m\u00e1s laxos. \u201cNosotros cumplimos con todas las normativas: no hay trabajo infantil, hay empleo registrado. Pero competimos con mercader\u00eda que no respeta esas condiciones, incluso con ropa usada que ingresa en grandes vol\u00famenes\u201d, explic\u00f3. Seg\u00fan indic\u00f3, esta situaci\u00f3n impacta directamente en la industria nacional y en el sostenimiento del empleo.<\/p>\n\n\n\n<p>En relaci\u00f3n al mercado interno, Muia plante\u00f3 la necesidad de fortalecer el poder adquisitivo de los trabajadores como motor del consumo. \u201cSi el salario apenas alcanza para llegar a fin de mes, no hay consumo, y sin consumo se rompe el c\u00edrculo virtuoso de la econom\u00eda\u201d, se\u00f1al\u00f3. No obstante, aclar\u00f3 que el problema no radica exclusivamente en los sueldos, sino en la carga impositiva asociada: \u201cLas contribuciones elevan el costo laboral, pero no siempre se traducen en un mayor ingreso para el trabajador\u201d.<\/p>\n\n\n\n<p>Respecto al rol del Estado, el CEO destac\u00f3 el acompa\u00f1amiento a nivel local. \u201cEl intendente conoce de cerca nuestra situaci\u00f3n y ha mostrado flexibilidad con las tasas municipales. Lo mismo ocurre con el Gobierno provincial, que mantiene canales de di\u00e1logo abiertos\u201d, afirm\u00f3.<\/p>\n\n\n\n<p>Finalmente, Muia reconoci\u00f3 el impacto de la coyuntura en la actividad de la empresa. Actualmente, la producci\u00f3n se encuentra por debajo de su capacidad instalada, lo que deriv\u00f3 en una reducci\u00f3n de la planta laboral. \u201cHoy estamos cerca de un 40% por debajo de nuestra capacidad. Nos gustar\u00eda volver a los niveles de producci\u00f3n y empleo que supimos tener\u201d, concluy\u00f3.<\/p>\n\n\n\n<h3 class=\"wp-block-heading\">Modernizaci\u00f3n y sostenibilidad<\/h3>\n\n\n\n<p>La inversi\u00f3n de la firma textil se concentr\u00f3 en la incorporaci\u00f3n de maquinaria de \u00faltima generaci\u00f3n en diversas \u00e1reas de la producci\u00f3n, priorizando el ahorro energ\u00e9tico y la automatizaci\u00f3n:<\/p>\n\n\n\n<ul class=\"wp-block-list\">\n<li><strong>Hilander\u00eda:<\/strong>\u00a0Se incorpor\u00f3 la m\u00e1quina de hilar a rotor\u00a0<strong>Autocoro ACO 10 de SAURER<\/strong>, que permite una hilatura de alta productividad con un ahorro de energ\u00eda de hasta el\u00a0<strong>69%<\/strong>. Adem\u00e1s, se activ\u00f3 el\u00a0<strong>robot paletizador Neuenhauser<\/strong>, el m\u00e1s avanzado del pa\u00eds en su tipo para el clasificado y armado autom\u00e1tico de palets.<\/li>\n\n\n\n<li><strong>Tejedur\u00eda:<\/strong>\u00a0Instalaci\u00f3n de una\u00a0<strong>urdidora Karl Mayer<\/strong>\u00a0equipada con sensores electromagn\u00e9ticos, garantizando tensi\u00f3n constante y est\u00e1ndares de m\u00e1xima calidad en el tejido.<\/li>\n\n\n\n<li><strong>Terminaci\u00f3n:<\/strong>\u00a0Se puso en funciones la nueva\u00a0<strong>mercerizadora Goller \u00d3ptima<\/strong>, tecnolog\u00eda que optimiza el brillo y resistencia de las telas, reduciendo dr\u00e1sticamente el consumo de agua, vapor y productos qu\u00edmicos.<\/li>\n<\/ul>\n","protected":false},"excerpt":{"rendered":"<p>El gobernador destac\u00f3 la importancia de la inversi\u00f3n privada para el crecimiento genuino de la&#8230;<\/p>\n","protected":false},"author":2,"featured_media":61134,"comment_status":"open","ping_status":"open","sticky":false,"template":"","format":"standard","meta":{"footnotes":""},"categories":[2],"tags":[],"class_list":["post-61129","post","type-post","status-publish","format-standard","has-post-thumbnail","hentry","category-locales"],"_links":{"self":[{"href":"https:\/\/masquenoticiastucuman.com.ar\/index.php?rest_route=\/wp\/v2\/posts\/61129","targetHints":{"allow":["GET"]}}],"collection":[{"href":"https:\/\/masquenoticiastucuman.com.ar\/index.php?rest_route=\/wp\/v2\/posts"}],"about":[{"href":"https:\/\/masquenoticiastucuman.com.ar\/index.php?rest_route=\/wp\/v2\/types\/post"}],"author":[{"embeddable":true,"href":"https:\/\/masquenoticiastucuman.com.ar\/index.php?rest_route=\/wp\/v2\/users\/2"}],"replies":[{"embeddable":true,"href":"https:\/\/masquenoticiastucuman.com.ar\/index.php?rest_route=%2Fwp%2Fv2%2Fcomments&post=61129"}],"version-history":[{"count":1,"href":"https:\/\/masquenoticiastucuman.com.ar\/index.php?rest_route=\/wp\/v2\/posts\/61129\/revisions"}],"predecessor-version":[{"id":61135,"href":"https:\/\/masquenoticiastucuman.com.ar\/index.php?rest_route=\/wp\/v2\/posts\/61129\/revisions\/61135"}],"wp:featuredmedia":[{"embeddable":true,"href":"https:\/\/masquenoticiastucuman.com.ar\/index.php?rest_route=\/wp\/v2\/media\/61134"}],"wp:attachment":[{"href":"https:\/\/masquenoticiastucuman.com.ar\/index.php?rest_route=%2Fwp%2Fv2%2Fmedia&parent=61129"}],"wp:term":[{"taxonomy":"category","embeddable":true,"href":"https:\/\/masquenoticiastucuman.com.ar\/index.php?rest_route=%2Fwp%2Fv2%2Fcategories&post=61129"},{"taxonomy":"post_tag","embeddable":true,"href":"https:\/\/masquenoticiastucuman.com.ar\/index.php?rest_route=%2Fwp%2Fv2%2Ftags&post=61129"}],"curies":[{"name":"wp","href":"https:\/\/api.w.org\/{rel}","templated":true}]}}