{"id":61133,"date":"2026-04-23T06:00:27","date_gmt":"2026-04-23T09:00:27","guid":{"rendered":"http:\/\/masquenoticiastucuman.com.ar\/?p=61133"},"modified":"2026-04-23T06:00:27","modified_gmt":"2026-04-23T09:00:27","slug":"como-es-el-pueblo-mas-alto-de-europa-preserva-una-cultura-ancestral-en-un-pais-que-es-tendencia-en-turismo","status":"publish","type":"post","link":"https:\/\/masquenoticiastucuman.com.ar\/?p=61133","title":{"rendered":"C\u00f3mo es el pueblo m\u00e1s alto de Europa: preserva una cultura ancestral en un pa\u00eds que es tendencia en turismo"},"content":{"rendered":"<ul>\n<li>Ushguli es un conjunto de aldeas medievales que parecen detenidas en el tiempo.<\/li>\n<li>En el coraz\u00f3n del C\u00e1ucaso, mantienen costumbres ancestrales debido a su aislamiento geogr\u00e1fico.<\/li>\n<\/ul>\n<p>\u200bUshguli es un conjunto de aldeas medievales que parecen detenidas en el tiempo.En el coraz\u00f3n del C\u00e1ucaso, mantienen costumbres ancestrales debido a su aislamiento geogr\u00e1fico.\u00a0<a href=\"https:\/\/www.clarin.com\/viajes\/pueblo-alto-europa-preserva-cultura-ancestral-pais-tendencia-turismo_0_vTxBT59ULn.html\" target=\"_blank\" class=\"feedzy-rss-link-icon\">Read More<\/a><\/p>","protected":false},"excerpt":{"rendered":"<p>Ushguli es un conjunto de aldeas medievales que parecen detenidas en el tiempo. En el&#8230;<\/p>\n","protected":false},"author":1,"featured_media":0,"comment_status":"open","ping_status":"open","sticky":false,"template":"","format":"standard","meta":{"footnotes":""},"categories":[7],"tags":[],"class_list":["post-61133","post","type-post","status-publish","format-standard","has-post-thumbnail","hentry","category-turismo"],"_links":{"self":[{"href":"https:\/\/masquenoticiastucuman.com.ar\/index.php?rest_route=\/wp\/v2\/posts\/61133","targetHints":{"allow":["GET"]}}],"collection":[{"href":"https:\/\/masquenoticiastucuman.com.ar\/index.php?rest_route=\/wp\/v2\/posts"}],"about":[{"href":"https:\/\/masquenoticiastucuman.com.ar\/index.php?rest_route=\/wp\/v2\/types\/post"}],"author":[{"embeddable":true,"href":"https:\/\/masquenoticiastucuman.com.ar\/index.php?rest_route=\/wp\/v2\/users\/1"}],"replies":[{"embeddable":true,"href":"https:\/\/masquenoticiastucuman.com.ar\/index.php?rest_route=%2Fwp%2Fv2%2Fcomments&post=61133"}],"version-history":[{"count":0,"href":"https:\/\/masquenoticiastucuman.com.ar\/index.php?rest_route=\/wp\/v2\/posts\/61133\/revisions"}],"wp:attachment":[{"href":"https:\/\/masquenoticiastucuman.com.ar\/index.php?rest_route=%2Fwp%2Fv2%2Fmedia&parent=61133"}],"wp:term":[{"taxonomy":"category","embeddable":true,"href":"https:\/\/masquenoticiastucuman.com.ar\/index.php?rest_route=%2Fwp%2Fv2%2Fcategories&post=61133"},{"taxonomy":"post_tag","embeddable":true,"href":"https:\/\/masquenoticiastucuman.com.ar\/index.php?rest_route=%2Fwp%2Fv2%2Ftags&post=61133"}],"curies":[{"name":"wp","href":"https:\/\/api.w.org\/{rel}","templated":true}]}}