{"id":61140,"date":"2026-04-23T07:00:23","date_gmt":"2026-04-23T10:00:23","guid":{"rendered":"http:\/\/masquenoticiastucuman.com.ar\/?p=61140"},"modified":"2026-04-23T07:00:23","modified_gmt":"2026-04-23T10:00:23","slug":"camila-giorgi-la-italiana-hija-de-un-combatiente-de-malvinas-que-se-prepara-para-ser-mama-y-volver-al-circuito-wta-extrano-competir","status":"publish","type":"post","link":"https:\/\/masquenoticiastucuman.com.ar\/?p=61140","title":{"rendered":"Camila Giorgi, la italiana hija de un combatiente de Malvinas que se prepara para ser mam\u00e1 y volver al circuito WTA: &#8220;Extra\u00f1o competir&#8221;"},"content":{"rendered":"<ul>\n<li>En sus redes sociales, revel\u00f3 que cursa un embarazo de 19 semanas tras casarse con el entrenador argentino Andrea Pasutti.<\/li>\n<li>En 2027 quiere volver a jugar en forma profesional, m\u00e1s de tres a\u00f1os despu\u00e9s de su \u00faltimo partido.<\/li>\n<\/ul>\n<p>\u200bEn sus redes sociales, revel\u00f3 que cursa un embarazo de 19 semanas tras casarse con el entrenador argentino Andrea Pasutti.En 2027 quiere volver a jugar en forma profesional, m\u00e1s de tres a\u00f1os despu\u00e9s de su \u00faltimo partido.\u00a0<a href=\"https:\/\/www.clarin.com\/deportes\/camila-giorgi-italiana-hija-combatiente-malvinas-prepara-mama-volver-circuito-wta-extrano-competir_0_XuiTnvyUdc.html\" target=\"_blank\" class=\"feedzy-rss-link-icon\">Read More<\/a><\/p>","protected":false},"excerpt":{"rendered":"<p>En sus redes sociales, revel\u00f3 que cursa un embarazo de 19 semanas tras casarse con&#8230;<\/p>\n","protected":false},"author":1,"featured_media":0,"comment_status":"open","ping_status":"open","sticky":false,"template":"","format":"standard","meta":{"footnotes":""},"categories":[6],"tags":[],"class_list":["post-61140","post","type-post","status-publish","format-standard","has-post-thumbnail","hentry","category-deportes"],"_links":{"self":[{"href":"https:\/\/masquenoticiastucuman.com.ar\/index.php?rest_route=\/wp\/v2\/posts\/61140","targetHints":{"allow":["GET"]}}],"collection":[{"href":"https:\/\/masquenoticiastucuman.com.ar\/index.php?rest_route=\/wp\/v2\/posts"}],"about":[{"href":"https:\/\/masquenoticiastucuman.com.ar\/index.php?rest_route=\/wp\/v2\/types\/post"}],"author":[{"embeddable":true,"href":"https:\/\/masquenoticiastucuman.com.ar\/index.php?rest_route=\/wp\/v2\/users\/1"}],"replies":[{"embeddable":true,"href":"https:\/\/masquenoticiastucuman.com.ar\/index.php?rest_route=%2Fwp%2Fv2%2Fcomments&post=61140"}],"version-history":[{"count":0,"href":"https:\/\/masquenoticiastucuman.com.ar\/index.php?rest_route=\/wp\/v2\/posts\/61140\/revisions"}],"wp:attachment":[{"href":"https:\/\/masquenoticiastucuman.com.ar\/index.php?rest_route=%2Fwp%2Fv2%2Fmedia&parent=61140"}],"wp:term":[{"taxonomy":"category","embeddable":true,"href":"https:\/\/masquenoticiastucuman.com.ar\/index.php?rest_route=%2Fwp%2Fv2%2Fcategories&post=61140"},{"taxonomy":"post_tag","embeddable":true,"href":"https:\/\/masquenoticiastucuman.com.ar\/index.php?rest_route=%2Fwp%2Fv2%2Ftags&post=61140"}],"curies":[{"name":"wp","href":"https:\/\/api.w.org\/{rel}","templated":true}]}}