{"id":61141,"date":"2026-04-23T09:31:32","date_gmt":"2026-04-23T12:31:32","guid":{"rendered":"https:\/\/masquenoticiastucuman.com.ar\/?p=61141"},"modified":"2026-04-23T09:31:33","modified_gmt":"2026-04-23T12:31:33","slug":"amenazas-de-tiroteo-se-van-a-tener-que-responsabilzar-penal-y-civilmente","status":"publish","type":"post","link":"https:\/\/masquenoticiastucuman.com.ar\/?p=61141","title":{"rendered":"Amenazas de tiroteo: &#8220;Se van a tener que responsabilzar penal y civilmente&#8221;"},"content":{"rendered":"\n<p>El Gobernador enfatiz\u00f3 que tanto los estudiantes como sus padres o tutores ser\u00e1n puestos a disposici\u00f3n de la Justicia.<\/p>\n\n\n\n<p id=\"isPasted\">El gobernador&nbsp;<strong>Osvaldo Jaldo<\/strong>&nbsp;se refiri\u00f3 a la implementaci\u00f3n de la gu\u00eda de abordaje ante amenazas intimidatorias en establecimientos educativos, una problem\u00e1tica que, seg\u00fan indic\u00f3, afecta a distintas jurisdicciones del pa\u00eds y requiere una respuesta articulada entre el Estado y la sociedad.<\/p>\n\n\n\n<p>En ese sentido, el mandatario provincial destac\u00f3 que Tucum\u00e1n viene trabajando de manera conjunta para enfrentar este fen\u00f3meno, haciendo especial hincapi\u00e9 en el rol de la familia. \u201cEsto es un fen\u00f3meno que excede a la provincia. En Tucum\u00e1n nos pusimos a trabajar todos juntos, empezando por la familia, que tiene una responsabilidad importante. Una amenaza hoy es un delito, y quienes lo cometan, tengan la edad que tengan, tienen que ser puestos a disposici\u00f3n de la Justicia\u201d, afirm\u00f3.<\/p>\n\n\n\n<p>Asimismo, Jaldo fue enf\u00e1tico al se\u00f1alar que no solo deber\u00e1n responder quienes realicen este tipo de amenazas, sino tambi\u00e9n los adultos responsables. \u201cAquellos que cometan el delito, y los responsables que est\u00e1n atr\u00e1s \u2014ya sea el tutor, el pap\u00e1 o la mam\u00e1\u2014 se van a tener que responsabilizar civil y penalmente. Esto se tiene que cortar de cuajo; los responsables tienen que hacerse cargo para que los padres y chicos dejen de estar intranquilos\u201d, sostuvo.<\/p>\n\n\n\n<p>Por \u00faltimo, el Gobernador asegur\u00f3 que el Estado provincial actuar\u00e1 con firmeza para garantizar la tranquilidad de la comunidad educativa, reforzando las acciones de prevenci\u00f3n y respuesta ante este tipo de situaciones.<\/p>\n","protected":false},"excerpt":{"rendered":"<p>El Gobernador enfatiz\u00f3 que tanto los estudiantes como sus padres o tutores ser\u00e1n puestos a&#8230;<\/p>\n","protected":false},"author":2,"featured_media":61145,"comment_status":"open","ping_status":"open","sticky":false,"template":"","format":"standard","meta":{"footnotes":""},"categories":[2],"tags":[],"class_list":["post-61141","post","type-post","status-publish","format-standard","has-post-thumbnail","hentry","category-locales"],"_links":{"self":[{"href":"https:\/\/masquenoticiastucuman.com.ar\/index.php?rest_route=\/wp\/v2\/posts\/61141","targetHints":{"allow":["GET"]}}],"collection":[{"href":"https:\/\/masquenoticiastucuman.com.ar\/index.php?rest_route=\/wp\/v2\/posts"}],"about":[{"href":"https:\/\/masquenoticiastucuman.com.ar\/index.php?rest_route=\/wp\/v2\/types\/post"}],"author":[{"embeddable":true,"href":"https:\/\/masquenoticiastucuman.com.ar\/index.php?rest_route=\/wp\/v2\/users\/2"}],"replies":[{"embeddable":true,"href":"https:\/\/masquenoticiastucuman.com.ar\/index.php?rest_route=%2Fwp%2Fv2%2Fcomments&post=61141"}],"version-history":[{"count":1,"href":"https:\/\/masquenoticiastucuman.com.ar\/index.php?rest_route=\/wp\/v2\/posts\/61141\/revisions"}],"predecessor-version":[{"id":61146,"href":"https:\/\/masquenoticiastucuman.com.ar\/index.php?rest_route=\/wp\/v2\/posts\/61141\/revisions\/61146"}],"wp:featuredmedia":[{"embeddable":true,"href":"https:\/\/masquenoticiastucuman.com.ar\/index.php?rest_route=\/wp\/v2\/media\/61145"}],"wp:attachment":[{"href":"https:\/\/masquenoticiastucuman.com.ar\/index.php?rest_route=%2Fwp%2Fv2%2Fmedia&parent=61141"}],"wp:term":[{"taxonomy":"category","embeddable":true,"href":"https:\/\/masquenoticiastucuman.com.ar\/index.php?rest_route=%2Fwp%2Fv2%2Fcategories&post=61141"},{"taxonomy":"post_tag","embeddable":true,"href":"https:\/\/masquenoticiastucuman.com.ar\/index.php?rest_route=%2Fwp%2Fv2%2Ftags&post=61141"}],"curies":[{"name":"wp","href":"https:\/\/api.w.org\/{rel}","templated":true}]}}