{"id":61142,"date":"2026-04-23T06:06:20","date_gmt":"2026-04-23T09:06:20","guid":{"rendered":"http:\/\/masquenoticiastucuman.com.ar\/?p=61142"},"modified":"2026-04-23T06:06:20","modified_gmt":"2026-04-23T09:06:20","slug":"en-medio-del-veranito-cambiario-otra-provincia-sale-a-buscar-financiamiento-en-el-exterior","status":"publish","type":"post","link":"https:\/\/masquenoticiastucuman.com.ar\/?p=61142","title":{"rendered":"En medio del &#8220;veranito cambiario&#8221;, otra provincia sale a buscar financiamiento en el exterior"},"content":{"rendered":"<ul>\n<li>Chubut cerrar\u00e1 este jueves una emisi\u00f3n de deuda para refinanciar los vencimientos que tiene previstos para 2030.<\/li>\n<li>Es la quinta provincia en salir al mercado en los \u00faltimos meses.<\/li>\n<li>Un informe de una calificadora de riesgo advirti\u00f3 por la ca\u00edda de los ingresos, m\u00e1s provincias tendr\u00e1n que financiarse.<\/li>\n<\/ul>\n<p>\u200bChubut cerrar\u00e1 este jueves una emisi\u00f3n de deuda para refinanciar los vencimientos que tiene previstos para 2030.Es la quinta provincia en salir al mercado en los \u00faltimos meses.Un informe de una calificadora de riesgo advirti\u00f3 por la ca\u00edda de los ingresos, m\u00e1s provincias tendr\u00e1n que financiarse.\u00a0<a href=\"https:\/\/www.clarin.com\/economia\/medio-veranito-cambiario-provincia-sale-buscar-financiamiento-exterior_0_ntzus0FI8Y.html\" target=\"_blank\" class=\"feedzy-rss-link-icon\">Read More<\/a><\/p>","protected":false},"excerpt":{"rendered":"<p>Chubut cerrar\u00e1 este jueves una emisi\u00f3n de deuda para refinanciar los vencimientos que tiene previstos&#8230;<\/p>\n","protected":false},"author":1,"featured_media":0,"comment_status":"open","ping_status":"open","sticky":false,"template":"","format":"standard","meta":{"footnotes":""},"categories":[3],"tags":[],"class_list":["post-61142","post","type-post","status-publish","format-standard","has-post-thumbnail","hentry","category-nacionales"],"_links":{"self":[{"href":"https:\/\/masquenoticiastucuman.com.ar\/index.php?rest_route=\/wp\/v2\/posts\/61142","targetHints":{"allow":["GET"]}}],"collection":[{"href":"https:\/\/masquenoticiastucuman.com.ar\/index.php?rest_route=\/wp\/v2\/posts"}],"about":[{"href":"https:\/\/masquenoticiastucuman.com.ar\/index.php?rest_route=\/wp\/v2\/types\/post"}],"author":[{"embeddable":true,"href":"https:\/\/masquenoticiastucuman.com.ar\/index.php?rest_route=\/wp\/v2\/users\/1"}],"replies":[{"embeddable":true,"href":"https:\/\/masquenoticiastucuman.com.ar\/index.php?rest_route=%2Fwp%2Fv2%2Fcomments&post=61142"}],"version-history":[{"count":0,"href":"https:\/\/masquenoticiastucuman.com.ar\/index.php?rest_route=\/wp\/v2\/posts\/61142\/revisions"}],"wp:attachment":[{"href":"https:\/\/masquenoticiastucuman.com.ar\/index.php?rest_route=%2Fwp%2Fv2%2Fmedia&parent=61142"}],"wp:term":[{"taxonomy":"category","embeddable":true,"href":"https:\/\/masquenoticiastucuman.com.ar\/index.php?rest_route=%2Fwp%2Fv2%2Fcategories&post=61142"},{"taxonomy":"post_tag","embeddable":true,"href":"https:\/\/masquenoticiastucuman.com.ar\/index.php?rest_route=%2Fwp%2Fv2%2Ftags&post=61142"}],"curies":[{"name":"wp","href":"https:\/\/api.w.org\/{rel}","templated":true}]}}