{"id":61143,"date":"2026-04-23T08:00:37","date_gmt":"2026-04-23T11:00:37","guid":{"rendered":"http:\/\/masquenoticiastucuman.com.ar\/?p=61143"},"modified":"2026-04-23T08:00:37","modified_gmt":"2026-04-23T11:00:37","slug":"guerra-entre-estados-unidos-israel-e-iran-en-vivo-el-regimen-persa-refuerza-su-control-sobre-el-estrecho-de-ormuz-y-el-petroleo-vuelve-a-subir-por-la-incertidumbre-de-las-negociaciones","status":"publish","type":"post","link":"https:\/\/masquenoticiastucuman.com.ar\/?p=61143","title":{"rendered":"Guerra entre Estados Unidos, Israel e Ir\u00e1n, EN VIVO: el r\u00e9gimen persa refuerza su control sobre el Estrecho de Ormuz  y el petr\u00f3leo vuelve a subir por la incertidumbre de las negociaciones"},"content":{"rendered":"<ul>\n<li>El precio del crudo se encarece otra vez este jueves, y el tipo Brent ya cotiza por encima de los US$ 103 por barril.<\/li>\n<li>Segu\u00ed todas las novedades sobre la guerra entre Estados Unidos, Israel e Ir\u00e1n en la cobertura minuto a minuto de Clar\u00edn.<\/li>\n<\/ul>\n<p>\u200bEl precio del crudo se encarece otra vez este jueves, y el tipo Brent ya cotiza por encima de los US$ 103 por barril.Segu\u00ed todas las novedades sobre la guerra entre Estados Unidos, Israel e Ir\u00e1n en la cobertura minuto a minuto de Clar\u00edn.\u00a0<a href=\"https:\/\/www.clarin.com\/mundo\/guerra-estados-unidos-israel-iran-vivo-regimen-persa-refuerza-control-estrecho-ormuz-petroleo-vuelve-subir-incertidumbre-negociaciones_0_Wo19fLI8k3.html\" target=\"_blank\" class=\"feedzy-rss-link-icon\">Read More<\/a><\/p>","protected":false},"excerpt":{"rendered":"<p>El precio del crudo se encarece otra vez este jueves, y el tipo Brent ya&#8230;<\/p>\n","protected":false},"author":1,"featured_media":61144,"comment_status":"open","ping_status":"open","sticky":false,"template":"","format":"standard","meta":{"footnotes":""},"categories":[4],"tags":[],"class_list":["post-61143","post","type-post","status-publish","format-standard","has-post-thumbnail","hentry","category-internacionales"],"_links":{"self":[{"href":"https:\/\/masquenoticiastucuman.com.ar\/index.php?rest_route=\/wp\/v2\/posts\/61143","targetHints":{"allow":["GET"]}}],"collection":[{"href":"https:\/\/masquenoticiastucuman.com.ar\/index.php?rest_route=\/wp\/v2\/posts"}],"about":[{"href":"https:\/\/masquenoticiastucuman.com.ar\/index.php?rest_route=\/wp\/v2\/types\/post"}],"author":[{"embeddable":true,"href":"https:\/\/masquenoticiastucuman.com.ar\/index.php?rest_route=\/wp\/v2\/users\/1"}],"replies":[{"embeddable":true,"href":"https:\/\/masquenoticiastucuman.com.ar\/index.php?rest_route=%2Fwp%2Fv2%2Fcomments&post=61143"}],"version-history":[{"count":0,"href":"https:\/\/masquenoticiastucuman.com.ar\/index.php?rest_route=\/wp\/v2\/posts\/61143\/revisions"}],"wp:featuredmedia":[{"embeddable":true,"href":"https:\/\/masquenoticiastucuman.com.ar\/index.php?rest_route=\/wp\/v2\/media\/61144"}],"wp:attachment":[{"href":"https:\/\/masquenoticiastucuman.com.ar\/index.php?rest_route=%2Fwp%2Fv2%2Fmedia&parent=61143"}],"wp:term":[{"taxonomy":"category","embeddable":true,"href":"https:\/\/masquenoticiastucuman.com.ar\/index.php?rest_route=%2Fwp%2Fv2%2Fcategories&post=61143"},{"taxonomy":"post_tag","embeddable":true,"href":"https:\/\/masquenoticiastucuman.com.ar\/index.php?rest_route=%2Fwp%2Fv2%2Ftags&post=61143"}],"curies":[{"name":"wp","href":"https:\/\/api.w.org\/{rel}","templated":true}]}}