{"id":61147,"date":"2026-04-23T10:17:11","date_gmt":"2026-04-23T13:17:11","guid":{"rendered":"http:\/\/masquenoticiastucuman.com.ar\/?p=61147"},"modified":"2026-04-23T10:17:11","modified_gmt":"2026-04-23T13:17:11","slug":"por-la-guerra-el-gobierno-posterga-la-privatizacion-de-las-importaciones-de-gas-por-barco","status":"publish","type":"post","link":"https:\/\/masquenoticiastucuman.com.ar\/?p=61147","title":{"rendered":"Por la guerra, el Gobierno posterga la privatizaci\u00f3n de las importaciones de gas por barco"},"content":{"rendered":"<ul>\n<li>Es para evitar un nuevo salto fuerte en las tarifas de gas durante el invierno.<\/li>\n<li>Tambi\u00e9n ten\u00eda impacto sobre la inflaci\u00f3n.<\/li>\n<\/ul>\n<p>\u200bEs para evitar un nuevo salto fuerte en las tarifas de gas durante el invierno.Tambi\u00e9n ten\u00eda impacto sobre la inflaci\u00f3n.\u00a0<a href=\"https:\/\/www.clarin.com\/economia\/guerra-gobierno-posterga-privatizacion-importaciones-gas-barco_0_MtICtDh1mF.html\" target=\"_blank\" class=\"feedzy-rss-link-icon\">Read More<\/a><\/p>","protected":false},"excerpt":{"rendered":"<p>Es para evitar un nuevo salto fuerte en las tarifas de gas durante el invierno&#8230;.<\/p>\n","protected":false},"author":1,"featured_media":0,"comment_status":"open","ping_status":"open","sticky":false,"template":"","format":"standard","meta":{"footnotes":""},"categories":[3],"tags":[],"class_list":["post-61147","post","type-post","status-publish","format-standard","has-post-thumbnail","hentry","category-nacionales"],"_links":{"self":[{"href":"https:\/\/masquenoticiastucuman.com.ar\/index.php?rest_route=\/wp\/v2\/posts\/61147","targetHints":{"allow":["GET"]}}],"collection":[{"href":"https:\/\/masquenoticiastucuman.com.ar\/index.php?rest_route=\/wp\/v2\/posts"}],"about":[{"href":"https:\/\/masquenoticiastucuman.com.ar\/index.php?rest_route=\/wp\/v2\/types\/post"}],"author":[{"embeddable":true,"href":"https:\/\/masquenoticiastucuman.com.ar\/index.php?rest_route=\/wp\/v2\/users\/1"}],"replies":[{"embeddable":true,"href":"https:\/\/masquenoticiastucuman.com.ar\/index.php?rest_route=%2Fwp%2Fv2%2Fcomments&post=61147"}],"version-history":[{"count":0,"href":"https:\/\/masquenoticiastucuman.com.ar\/index.php?rest_route=\/wp\/v2\/posts\/61147\/revisions"}],"wp:attachment":[{"href":"https:\/\/masquenoticiastucuman.com.ar\/index.php?rest_route=%2Fwp%2Fv2%2Fmedia&parent=61147"}],"wp:term":[{"taxonomy":"category","embeddable":true,"href":"https:\/\/masquenoticiastucuman.com.ar\/index.php?rest_route=%2Fwp%2Fv2%2Fcategories&post=61147"},{"taxonomy":"post_tag","embeddable":true,"href":"https:\/\/masquenoticiastucuman.com.ar\/index.php?rest_route=%2Fwp%2Fv2%2Ftags&post=61147"}],"curies":[{"name":"wp","href":"https:\/\/api.w.org\/{rel}","templated":true}]}}