{"id":61148,"date":"2026-04-23T09:57:00","date_gmt":"2026-04-23T12:57:00","guid":{"rendered":"http:\/\/masquenoticiastucuman.com.ar\/?p=61148"},"modified":"2026-04-23T09:57:00","modified_gmt":"2026-04-23T12:57:00","slug":"caputo-apura-otro-ajuste-vence-el-plazo-para-que-los-ministros-entreguen-un-nuevo-plan-de-recortes","status":"publish","type":"post","link":"https:\/\/masquenoticiastucuman.com.ar\/?p=61148","title":{"rendered":"Caputo apura otro ajuste: vence el plazo para que los ministros entreguen un nuevo plan de recortes"},"content":{"rendered":"<ul>\n<li>Econom\u00eda les pidi\u00f3 que lo entreguen en los pr\u00f3ximos d\u00edas.<\/li>\n<li>Buscan bajar el gasto ante la ca\u00edda constante de la recaudaci\u00f3n.<\/li>\n<li>Caputo tuvo que ceder fondos por $ 650.000 millones en abril.<\/li>\n<\/ul>\n<p>\u200bEconom\u00eda les pidi\u00f3 que lo entreguen en los pr\u00f3ximos d\u00edas.Buscan bajar el gasto ante la ca\u00edda constante de la recaudaci\u00f3n.Caputo tuvo que ceder fondos por $ 650.000 millones en abril.\u00a0<a href=\"https:\/\/www.clarin.com\/economia\/caputo-apura-ajuste-vence-plazo-ministros-entreguen-nuevo-plan-recortes_0_9ToMT971HS.html\" target=\"_blank\" class=\"feedzy-rss-link-icon\">Read More<\/a><\/p>","protected":false},"excerpt":{"rendered":"<p>Econom\u00eda les pidi\u00f3 que lo entreguen en los pr\u00f3ximos d\u00edas. Buscan bajar el gasto ante&#8230;<\/p>\n","protected":false},"author":1,"featured_media":0,"comment_status":"open","ping_status":"open","sticky":false,"template":"","format":"standard","meta":{"footnotes":""},"categories":[3],"tags":[],"class_list":["post-61148","post","type-post","status-publish","format-standard","has-post-thumbnail","hentry","category-nacionales"],"_links":{"self":[{"href":"https:\/\/masquenoticiastucuman.com.ar\/index.php?rest_route=\/wp\/v2\/posts\/61148","targetHints":{"allow":["GET"]}}],"collection":[{"href":"https:\/\/masquenoticiastucuman.com.ar\/index.php?rest_route=\/wp\/v2\/posts"}],"about":[{"href":"https:\/\/masquenoticiastucuman.com.ar\/index.php?rest_route=\/wp\/v2\/types\/post"}],"author":[{"embeddable":true,"href":"https:\/\/masquenoticiastucuman.com.ar\/index.php?rest_route=\/wp\/v2\/users\/1"}],"replies":[{"embeddable":true,"href":"https:\/\/masquenoticiastucuman.com.ar\/index.php?rest_route=%2Fwp%2Fv2%2Fcomments&post=61148"}],"version-history":[{"count":0,"href":"https:\/\/masquenoticiastucuman.com.ar\/index.php?rest_route=\/wp\/v2\/posts\/61148\/revisions"}],"wp:attachment":[{"href":"https:\/\/masquenoticiastucuman.com.ar\/index.php?rest_route=%2Fwp%2Fv2%2Fmedia&parent=61148"}],"wp:term":[{"taxonomy":"category","embeddable":true,"href":"https:\/\/masquenoticiastucuman.com.ar\/index.php?rest_route=%2Fwp%2Fv2%2Fcategories&post=61148"},{"taxonomy":"post_tag","embeddable":true,"href":"https:\/\/masquenoticiastucuman.com.ar\/index.php?rest_route=%2Fwp%2Fv2%2Ftags&post=61148"}],"curies":[{"name":"wp","href":"https:\/\/api.w.org\/{rel}","templated":true}]}}