{"id":61149,"date":"2026-04-23T10:07:39","date_gmt":"2026-04-23T13:07:39","guid":{"rendered":"http:\/\/masquenoticiastucuman.com.ar\/?p=61149"},"modified":"2026-04-23T10:07:39","modified_gmt":"2026-04-23T13:07:39","slug":"iran-rechaza-reabrir-el-estrecho-de-ormuz-y-se-aleja-la-posibilidad-de-un-pronto-acuerdo-con-estados-unidos","status":"publish","type":"post","link":"https:\/\/masquenoticiastucuman.com.ar\/?p=61149","title":{"rendered":"Ir\u00e1n rechaza reabrir el estrecho de Ormuz y se aleja la posibilidad de un pronto acuerdo con Estados Unidos"},"content":{"rendered":"<ul>\n<li>Aunque Donald Trump dijo que el di\u00e1logo podr\u00eda retomarse esta semana, las dos partes siguen firmes en sus posiciones.<\/li>\n<li>La Armada estadounidense intercept\u00f3 otro buque que transportaba petr\u00f3leo iran\u00ed. La tregua se mantiene en medio de advertencias cruzadas.<\/li>\n<\/ul>\n<p>\u200bAunque Donald Trump dijo que el di\u00e1logo podr\u00eda retomarse esta semana, las dos partes siguen firmes en sus posiciones.La Armada estadounidense intercept\u00f3 otro buque que transportaba petr\u00f3leo iran\u00ed. La tregua se mantiene en medio de advertencias cruzadas.\u00a0<a href=\"https:\/\/www.clarin.com\/mundo\/iran-rechaza-reabrir-estrecho-ormuz-aleja-posibilidad-pronto-acuerdo-estados-unidos_0_anB6LzYodw.html\" target=\"_blank\" class=\"feedzy-rss-link-icon\">Read More<\/a><\/p>","protected":false},"excerpt":{"rendered":"<p>Aunque Donald Trump dijo que el di\u00e1logo podr\u00eda retomarse esta semana, las dos partes siguen&#8230;<\/p>\n","protected":false},"author":1,"featured_media":61150,"comment_status":"open","ping_status":"open","sticky":false,"template":"","format":"standard","meta":{"footnotes":""},"categories":[4],"tags":[],"class_list":["post-61149","post","type-post","status-publish","format-standard","has-post-thumbnail","hentry","category-internacionales"],"_links":{"self":[{"href":"https:\/\/masquenoticiastucuman.com.ar\/index.php?rest_route=\/wp\/v2\/posts\/61149","targetHints":{"allow":["GET"]}}],"collection":[{"href":"https:\/\/masquenoticiastucuman.com.ar\/index.php?rest_route=\/wp\/v2\/posts"}],"about":[{"href":"https:\/\/masquenoticiastucuman.com.ar\/index.php?rest_route=\/wp\/v2\/types\/post"}],"author":[{"embeddable":true,"href":"https:\/\/masquenoticiastucuman.com.ar\/index.php?rest_route=\/wp\/v2\/users\/1"}],"replies":[{"embeddable":true,"href":"https:\/\/masquenoticiastucuman.com.ar\/index.php?rest_route=%2Fwp%2Fv2%2Fcomments&post=61149"}],"version-history":[{"count":0,"href":"https:\/\/masquenoticiastucuman.com.ar\/index.php?rest_route=\/wp\/v2\/posts\/61149\/revisions"}],"wp:featuredmedia":[{"embeddable":true,"href":"https:\/\/masquenoticiastucuman.com.ar\/index.php?rest_route=\/wp\/v2\/media\/61150"}],"wp:attachment":[{"href":"https:\/\/masquenoticiastucuman.com.ar\/index.php?rest_route=%2Fwp%2Fv2%2Fmedia&parent=61149"}],"wp:term":[{"taxonomy":"category","embeddable":true,"href":"https:\/\/masquenoticiastucuman.com.ar\/index.php?rest_route=%2Fwp%2Fv2%2Fcategories&post=61149"},{"taxonomy":"post_tag","embeddable":true,"href":"https:\/\/masquenoticiastucuman.com.ar\/index.php?rest_route=%2Fwp%2Fv2%2Ftags&post=61149"}],"curies":[{"name":"wp","href":"https:\/\/api.w.org\/{rel}","templated":true}]}}