{"id":61151,"date":"2026-04-23T09:35:47","date_gmt":"2026-04-23T12:35:47","guid":{"rendered":"http:\/\/masquenoticiastucuman.com.ar\/?p=61151"},"modified":"2026-04-23T09:35:47","modified_gmt":"2026-04-23T12:35:47","slug":"guerra-en-medio-oriente-estados-unidos-intercepto-y-abordo-un-buque-cisterna-que-transportaba-petroleo-irani-en-el-indico","status":"publish","type":"post","link":"https:\/\/masquenoticiastucuman.com.ar\/?p=61151","title":{"rendered":"Guerra en Medio Oriente: Estados Unidos intercept\u00f3 y abord\u00f3 un buque cisterna que transportaba petr\u00f3leo iran\u00ed en el \u00cdndico"},"content":{"rendered":"<ul>\n<li>El Departamento de Guerra atribuy\u00f3 el operativo a su pol\u00edtica contra los barcos que le den apoyo al r\u00e9gimen de Mojtaba Khamenei.<\/li>\n<li>El buque abordado es el M\/T Majestic X, que navegaba sin bandera con crudo iran\u00ed.<\/li>\n<\/ul>\n<p>\u200bEl Departamento de Guerra atribuy\u00f3 el operativo a su pol\u00edtica contra los barcos que le den apoyo al r\u00e9gimen de Mojtaba Khamenei.El buque abordado es el M\/T Majestic X, que navegaba sin bandera con crudo iran\u00ed.\u00a0<a href=\"https:\/\/www.clarin.com\/mundo\/guerra-medio-oriente-estados-unidos-intercepto-aborda-buque-cisterna-transportaba-petroleo-irani-indico_0_oFZ3BFrbPX.html\" target=\"_blank\" class=\"feedzy-rss-link-icon\">Read More<\/a><\/p>","protected":false},"excerpt":{"rendered":"<p>El Departamento de Guerra atribuy\u00f3 el operativo a su pol\u00edtica contra los barcos que le&#8230;<\/p>\n","protected":false},"author":1,"featured_media":61152,"comment_status":"open","ping_status":"open","sticky":false,"template":"","format":"standard","meta":{"footnotes":""},"categories":[4],"tags":[],"class_list":["post-61151","post","type-post","status-publish","format-standard","has-post-thumbnail","hentry","category-internacionales"],"_links":{"self":[{"href":"https:\/\/masquenoticiastucuman.com.ar\/index.php?rest_route=\/wp\/v2\/posts\/61151","targetHints":{"allow":["GET"]}}],"collection":[{"href":"https:\/\/masquenoticiastucuman.com.ar\/index.php?rest_route=\/wp\/v2\/posts"}],"about":[{"href":"https:\/\/masquenoticiastucuman.com.ar\/index.php?rest_route=\/wp\/v2\/types\/post"}],"author":[{"embeddable":true,"href":"https:\/\/masquenoticiastucuman.com.ar\/index.php?rest_route=\/wp\/v2\/users\/1"}],"replies":[{"embeddable":true,"href":"https:\/\/masquenoticiastucuman.com.ar\/index.php?rest_route=%2Fwp%2Fv2%2Fcomments&post=61151"}],"version-history":[{"count":0,"href":"https:\/\/masquenoticiastucuman.com.ar\/index.php?rest_route=\/wp\/v2\/posts\/61151\/revisions"}],"wp:featuredmedia":[{"embeddable":true,"href":"https:\/\/masquenoticiastucuman.com.ar\/index.php?rest_route=\/wp\/v2\/media\/61152"}],"wp:attachment":[{"href":"https:\/\/masquenoticiastucuman.com.ar\/index.php?rest_route=%2Fwp%2Fv2%2Fmedia&parent=61151"}],"wp:term":[{"taxonomy":"category","embeddable":true,"href":"https:\/\/masquenoticiastucuman.com.ar\/index.php?rest_route=%2Fwp%2Fv2%2Fcategories&post=61151"},{"taxonomy":"post_tag","embeddable":true,"href":"https:\/\/masquenoticiastucuman.com.ar\/index.php?rest_route=%2Fwp%2Fv2%2Ftags&post=61151"}],"curies":[{"name":"wp","href":"https:\/\/api.w.org\/{rel}","templated":true}]}}