{"id":61153,"date":"2026-04-23T10:37:10","date_gmt":"2026-04-23T13:37:10","guid":{"rendered":"http:\/\/masquenoticiastucuman.com.ar\/?p=61153"},"modified":"2026-04-23T10:37:10","modified_gmt":"2026-04-23T13:37:10","slug":"rating-del-miercoles-con-media-casa-nominada-gran-hermano-busco-despegarse-de-pasapalabra-que-le-venia-pisando-los-talones","status":"publish","type":"post","link":"https:\/\/masquenoticiastucuman.com.ar\/?p=61153","title":{"rendered":"Rating del mi\u00e9rcoles: con media casa nominada, Gran Hermano busc\u00f3 despegarse de Pasapalabra, que le ven\u00eda pisando los talones"},"content":{"rendered":"<ul>\n<li>Lo m\u00e1s visto del d\u00eda baj\u00f3 de 13,7 a 13,4 puntos de promedio.<\/li>\n<li>La muy buena noche de &#8220;Es mi sue\u00f1o&#8221;, el certamen musical de Guido Kaczka por El Trece.<\/li>\n<li>Los que se impusieron en cada canal.<\/li>\n<\/ul>\n<p>\u200bLo m\u00e1s visto del d\u00eda baj\u00f3 de 13,7 a 13,4 puntos de promedio.La muy buena noche de &#8220;Es mi sue\u00f1o&#8221;, el certamen musical de Guido Kaczka por El Trece.Los que se impusieron en cada canal.\u00a0<a href=\"https:\/\/www.clarin.com\/espectaculos\/rating-miercoles-media-casa-nominada-gran-hermano-busco-despegarse-pasapalabra-venia-pisando-talones_0_2YWdGVJBTV.html\" target=\"_blank\" class=\"feedzy-rss-link-icon\">Read More<\/a><\/p>","protected":false},"excerpt":{"rendered":"<p>Lo m\u00e1s visto del d\u00eda baj\u00f3 de 13,7 a 13,4 puntos de promedio. La muy&#8230;<\/p>\n","protected":false},"author":1,"featured_media":0,"comment_status":"open","ping_status":"open","sticky":false,"template":"","format":"standard","meta":{"footnotes":""},"categories":[5],"tags":[],"class_list":["post-61153","post","type-post","status-publish","format-standard","has-post-thumbnail","hentry","category-espectaculo"],"_links":{"self":[{"href":"https:\/\/masquenoticiastucuman.com.ar\/index.php?rest_route=\/wp\/v2\/posts\/61153","targetHints":{"allow":["GET"]}}],"collection":[{"href":"https:\/\/masquenoticiastucuman.com.ar\/index.php?rest_route=\/wp\/v2\/posts"}],"about":[{"href":"https:\/\/masquenoticiastucuman.com.ar\/index.php?rest_route=\/wp\/v2\/types\/post"}],"author":[{"embeddable":true,"href":"https:\/\/masquenoticiastucuman.com.ar\/index.php?rest_route=\/wp\/v2\/users\/1"}],"replies":[{"embeddable":true,"href":"https:\/\/masquenoticiastucuman.com.ar\/index.php?rest_route=%2Fwp%2Fv2%2Fcomments&post=61153"}],"version-history":[{"count":0,"href":"https:\/\/masquenoticiastucuman.com.ar\/index.php?rest_route=\/wp\/v2\/posts\/61153\/revisions"}],"wp:attachment":[{"href":"https:\/\/masquenoticiastucuman.com.ar\/index.php?rest_route=%2Fwp%2Fv2%2Fmedia&parent=61153"}],"wp:term":[{"taxonomy":"category","embeddable":true,"href":"https:\/\/masquenoticiastucuman.com.ar\/index.php?rest_route=%2Fwp%2Fv2%2Fcategories&post=61153"},{"taxonomy":"post_tag","embeddable":true,"href":"https:\/\/masquenoticiastucuman.com.ar\/index.php?rest_route=%2Fwp%2Fv2%2Ftags&post=61153"}],"curies":[{"name":"wp","href":"https:\/\/api.w.org\/{rel}","templated":true}]}}