{"id":61154,"date":"2026-04-23T09:28:51","date_gmt":"2026-04-23T12:28:51","guid":{"rendered":"http:\/\/masquenoticiastucuman.com.ar\/?p=61154"},"modified":"2026-04-23T09:28:51","modified_gmt":"2026-04-23T12:28:51","slug":"a-que-hora-comienza-el-draft-de-la-nfl-2026-este-23-de-abril-horario-confirmado-por-pais-donde-ver-en-vivo-el-orden-de-seleccion-y-los-principales-prospectos-de-la-ronda-1","status":"publish","type":"post","link":"https:\/\/masquenoticiastucuman.com.ar\/?p=61154","title":{"rendered":"\u00bfA qu\u00e9 hora comienza el draft de la NFL 2026 este 23 de abril? Horario confirmado por pa\u00eds, d\u00f3nde ver EN VIVO, el orden de selecci\u00f3n y los principales prospectos de la Ronda 1"},"content":{"rendered":"<ul>\n<li>Pittsburgh se viste de gala para recibir la primera ronda del Draft 2026 de la NFL.<\/li>\n<li>Repasamos todos los horarios por pa\u00eds, canales de transmisi\u00f3n y los nombres que dominar\u00e1n la noche.<\/li>\n<\/ul>\n<p>\u200bPittsburgh se viste de gala para recibir la primera ronda del Draft 2026 de la NFL.Repasamos todos los horarios por pa\u00eds, canales de transmisi\u00f3n y los nombres que dominar\u00e1n la noche.\u00a0<a href=\"https:\/\/www.clarin.com\/estados-unidos\/hora-comienza-draft-nfl-2026-23-abril-horarios-confirmados-ver-vivo-orden-seleccion-principales-prospectos-ronda-1_0_MR3sQewFMB.html\" target=\"_blank\" class=\"feedzy-rss-link-icon\">Read More<\/a><\/p>","protected":false},"excerpt":{"rendered":"<p>Pittsburgh se viste de gala para recibir la primera ronda del Draft 2026 de la&#8230;<\/p>\n","protected":false},"author":1,"featured_media":0,"comment_status":"open","ping_status":"open","sticky":false,"template":"","format":"standard","meta":{"footnotes":""},"categories":[6],"tags":[],"class_list":["post-61154","post","type-post","status-publish","format-standard","has-post-thumbnail","hentry","category-deportes"],"_links":{"self":[{"href":"https:\/\/masquenoticiastucuman.com.ar\/index.php?rest_route=\/wp\/v2\/posts\/61154","targetHints":{"allow":["GET"]}}],"collection":[{"href":"https:\/\/masquenoticiastucuman.com.ar\/index.php?rest_route=\/wp\/v2\/posts"}],"about":[{"href":"https:\/\/masquenoticiastucuman.com.ar\/index.php?rest_route=\/wp\/v2\/types\/post"}],"author":[{"embeddable":true,"href":"https:\/\/masquenoticiastucuman.com.ar\/index.php?rest_route=\/wp\/v2\/users\/1"}],"replies":[{"embeddable":true,"href":"https:\/\/masquenoticiastucuman.com.ar\/index.php?rest_route=%2Fwp%2Fv2%2Fcomments&post=61154"}],"version-history":[{"count":0,"href":"https:\/\/masquenoticiastucuman.com.ar\/index.php?rest_route=\/wp\/v2\/posts\/61154\/revisions"}],"wp:attachment":[{"href":"https:\/\/masquenoticiastucuman.com.ar\/index.php?rest_route=%2Fwp%2Fv2%2Fmedia&parent=61154"}],"wp:term":[{"taxonomy":"category","embeddable":true,"href":"https:\/\/masquenoticiastucuman.com.ar\/index.php?rest_route=%2Fwp%2Fv2%2Fcategories&post=61154"},{"taxonomy":"post_tag","embeddable":true,"href":"https:\/\/masquenoticiastucuman.com.ar\/index.php?rest_route=%2Fwp%2Fv2%2Ftags&post=61154"}],"curies":[{"name":"wp","href":"https:\/\/api.w.org\/{rel}","templated":true}]}}