{"id":61155,"date":"2026-04-23T09:05:13","date_gmt":"2026-04-23T12:05:13","guid":{"rendered":"http:\/\/masquenoticiastucuman.com.ar\/?p=61155"},"modified":"2026-04-23T09:05:13","modified_gmt":"2026-04-23T12:05:13","slug":"barcelona-confirmo-la-lesion-de-lamine-yamal-con-un-parte-medico-le-dice-adios-a-la-temporada-y-esperan-que-llegue-al-mundial","status":"publish","type":"post","link":"https:\/\/masquenoticiastucuman.com.ar\/?p=61155","title":{"rendered":"Barcelona confirm\u00f3 la lesi\u00f3n de Lamine Yamal con un parte m\u00e9dico: le dice adi\u00f3s a la temporada y esperan que llegue al Mundial"},"content":{"rendered":"<ul>\n<li>El futbolista espa\u00f1ol convirti\u00f3 un gol de penal contra el Celta y pidi\u00f3 el cambio.<\/li>\n<li>El club comunic\u00f3 que tiene afectada la zona del tend\u00f3n de la corva de su pierna izquierda.<\/li>\n<li>Se trata de una lesi\u00f3n muscular grave y le requerir\u00e1 entre 4 y 6 semanas de recuperaci\u00f3n.<\/li>\n<\/ul>\n<p>\u200bEl futbolista espa\u00f1ol convirti\u00f3 un gol de penal contra el Celta y pidi\u00f3 el cambio.El club comunic\u00f3 que tiene afectada la zona del tend\u00f3n de la corva de su pierna izquierda.Se trata de una lesi\u00f3n muscular grave y le requerir\u00e1 entre 4 y 6 semanas de recuperaci\u00f3n.\u00a0<a href=\"https:\/\/www.clarin.com\/deportes\/barcelona-confirmo-lesion-lamine-yamal-parte-medicole-dice-adios-temporada-esperan-llegue-mundial_0_XykJChbrUu.html\" target=\"_blank\" class=\"feedzy-rss-link-icon\">Read More<\/a><\/p>","protected":false},"excerpt":{"rendered":"<p>El futbolista espa\u00f1ol convirti\u00f3 un gol de penal contra el Celta y pidi\u00f3 el cambio&#8230;.<\/p>\n","protected":false},"author":1,"featured_media":0,"comment_status":"open","ping_status":"open","sticky":false,"template":"","format":"standard","meta":{"footnotes":""},"categories":[6],"tags":[],"class_list":["post-61155","post","type-post","status-publish","format-standard","has-post-thumbnail","hentry","category-deportes"],"_links":{"self":[{"href":"https:\/\/masquenoticiastucuman.com.ar\/index.php?rest_route=\/wp\/v2\/posts\/61155","targetHints":{"allow":["GET"]}}],"collection":[{"href":"https:\/\/masquenoticiastucuman.com.ar\/index.php?rest_route=\/wp\/v2\/posts"}],"about":[{"href":"https:\/\/masquenoticiastucuman.com.ar\/index.php?rest_route=\/wp\/v2\/types\/post"}],"author":[{"embeddable":true,"href":"https:\/\/masquenoticiastucuman.com.ar\/index.php?rest_route=\/wp\/v2\/users\/1"}],"replies":[{"embeddable":true,"href":"https:\/\/masquenoticiastucuman.com.ar\/index.php?rest_route=%2Fwp%2Fv2%2Fcomments&post=61155"}],"version-history":[{"count":0,"href":"https:\/\/masquenoticiastucuman.com.ar\/index.php?rest_route=\/wp\/v2\/posts\/61155\/revisions"}],"wp:attachment":[{"href":"https:\/\/masquenoticiastucuman.com.ar\/index.php?rest_route=%2Fwp%2Fv2%2Fmedia&parent=61155"}],"wp:term":[{"taxonomy":"category","embeddable":true,"href":"https:\/\/masquenoticiastucuman.com.ar\/index.php?rest_route=%2Fwp%2Fv2%2Fcategories&post=61155"},{"taxonomy":"post_tag","embeddable":true,"href":"https:\/\/masquenoticiastucuman.com.ar\/index.php?rest_route=%2Fwp%2Fv2%2Ftags&post=61155"}],"curies":[{"name":"wp","href":"https:\/\/api.w.org\/{rel}","templated":true}]}}