{"id":61156,"date":"2026-04-23T12:14:20","date_gmt":"2026-04-23T15:14:20","guid":{"rendered":"https:\/\/masquenoticiastucuman.com.ar\/?p=61156"},"modified":"2026-04-23T12:14:20","modified_gmt":"2026-04-23T15:14:20","slug":"restringen-el-paso-peatonal-por-desprendimiento-en-un-edifico-historico-de-general-paz-y-9-de-julio","status":"publish","type":"post","link":"https:\/\/masquenoticiastucuman.com.ar\/?p=61156","title":{"rendered":"Restringen el paso peatonal por desprendimiento en un edifico hist\u00f3rico de General Paz y 9 de Julio"},"content":{"rendered":"\n<p>El Municipio delimit\u00f3 de manera preventiva el lugar y restringi\u00f3 la circulaci\u00f3n peatonal en esa vereda<\/p>\n\n\n\n<p>Al registrarse el desprendimiento de mamposter\u00eda en un edificio deshabitado ubicado en la ochava noroeste de la esquina de General Paz y 9 de Julio, el Municipio delimit\u00f3 de manera preventiva el lugar y restringi\u00f3 la circulaci\u00f3n peatonal en esa vereda.<\/p>\n\n\n\n<p>La medida se mantendr\u00e1 hasta que finalicen los estudios estructurales necesarios para determinar el estado de la edificaci\u00f3n.<\/p>\n\n\n\n<p>Se recomienda circular con precauci\u00f3n.<\/p>\n","protected":false},"excerpt":{"rendered":"<p>El Municipio delimit\u00f3 de manera preventiva el lugar y restringi\u00f3 la circulaci\u00f3n peatonal en esa&#8230;<\/p>\n","protected":false},"author":2,"featured_media":61157,"comment_status":"open","ping_status":"open","sticky":false,"template":"","format":"standard","meta":{"footnotes":""},"categories":[2],"tags":[],"class_list":["post-61156","post","type-post","status-publish","format-standard","has-post-thumbnail","hentry","category-locales"],"_links":{"self":[{"href":"https:\/\/masquenoticiastucuman.com.ar\/index.php?rest_route=\/wp\/v2\/posts\/61156","targetHints":{"allow":["GET"]}}],"collection":[{"href":"https:\/\/masquenoticiastucuman.com.ar\/index.php?rest_route=\/wp\/v2\/posts"}],"about":[{"href":"https:\/\/masquenoticiastucuman.com.ar\/index.php?rest_route=\/wp\/v2\/types\/post"}],"author":[{"embeddable":true,"href":"https:\/\/masquenoticiastucuman.com.ar\/index.php?rest_route=\/wp\/v2\/users\/2"}],"replies":[{"embeddable":true,"href":"https:\/\/masquenoticiastucuman.com.ar\/index.php?rest_route=%2Fwp%2Fv2%2Fcomments&post=61156"}],"version-history":[{"count":1,"href":"https:\/\/masquenoticiastucuman.com.ar\/index.php?rest_route=\/wp\/v2\/posts\/61156\/revisions"}],"predecessor-version":[{"id":61158,"href":"https:\/\/masquenoticiastucuman.com.ar\/index.php?rest_route=\/wp\/v2\/posts\/61156\/revisions\/61158"}],"wp:featuredmedia":[{"embeddable":true,"href":"https:\/\/masquenoticiastucuman.com.ar\/index.php?rest_route=\/wp\/v2\/media\/61157"}],"wp:attachment":[{"href":"https:\/\/masquenoticiastucuman.com.ar\/index.php?rest_route=%2Fwp%2Fv2%2Fmedia&parent=61156"}],"wp:term":[{"taxonomy":"category","embeddable":true,"href":"https:\/\/masquenoticiastucuman.com.ar\/index.php?rest_route=%2Fwp%2Fv2%2Fcategories&post=61156"},{"taxonomy":"post_tag","embeddable":true,"href":"https:\/\/masquenoticiastucuman.com.ar\/index.php?rest_route=%2Fwp%2Fv2%2Ftags&post=61156"}],"curies":[{"name":"wp","href":"https:\/\/api.w.org\/{rel}","templated":true}]}}