{"id":61160,"date":"2026-04-23T12:32:17","date_gmt":"2026-04-23T15:32:17","guid":{"rendered":"http:\/\/masquenoticiastucuman.com.ar\/?p=61160"},"modified":"2026-04-23T12:32:17","modified_gmt":"2026-04-23T15:32:17","slug":"la-riqueza-nos-hace-esclavos-afirmo-el-papa-en-una-misa-masiva-en-guinea-ecuatorial","status":"publish","type":"post","link":"https:\/\/masquenoticiastucuman.com.ar\/?p=61160","title":{"rendered":"&#8220;La riqueza nos hace esclavos&#8221;, afirm\u00f3 el Papa en una misa masiva en Guinea Ecuatorial"},"content":{"rendered":"<ul>\n<li>Le\u00f3n XIV cerr\u00f3 su gira por \u00c1frica ante una multitud de fieles en un estadio de Malabo.<\/li>\n<li>El viaje estuvo marcado por su roce verbal con Donald Trump y por fuertes discursos contra el poder y la riqueza desmedida.<\/li>\n<\/ul>\n<p>\u200bLe\u00f3n XIV cerr\u00f3 su gira por \u00c1frica ante una multitud de fieles en un estadio de Malabo.El viaje estuvo marcado por su roce verbal con Donald Trump y por fuertes discursos contra el poder y la riqueza desmedida.\u00a0<a href=\"https:\/\/www.clarin.com\/mundo\/riqueza-hace-esclavos-afirmo-papa-misa-masiva-guinea-ecuatorial_0_ziGBMiAb8n.html\" target=\"_blank\" class=\"feedzy-rss-link-icon\">Read More<\/a><\/p>","protected":false},"excerpt":{"rendered":"<p>Le\u00f3n XIV cerr\u00f3 su gira por \u00c1frica ante una multitud de fieles en un estadio&#8230;<\/p>\n","protected":false},"author":1,"featured_media":61161,"comment_status":"open","ping_status":"open","sticky":false,"template":"","format":"standard","meta":{"footnotes":""},"categories":[4],"tags":[],"class_list":["post-61160","post","type-post","status-publish","format-standard","has-post-thumbnail","hentry","category-internacionales"],"_links":{"self":[{"href":"https:\/\/masquenoticiastucuman.com.ar\/index.php?rest_route=\/wp\/v2\/posts\/61160","targetHints":{"allow":["GET"]}}],"collection":[{"href":"https:\/\/masquenoticiastucuman.com.ar\/index.php?rest_route=\/wp\/v2\/posts"}],"about":[{"href":"https:\/\/masquenoticiastucuman.com.ar\/index.php?rest_route=\/wp\/v2\/types\/post"}],"author":[{"embeddable":true,"href":"https:\/\/masquenoticiastucuman.com.ar\/index.php?rest_route=\/wp\/v2\/users\/1"}],"replies":[{"embeddable":true,"href":"https:\/\/masquenoticiastucuman.com.ar\/index.php?rest_route=%2Fwp%2Fv2%2Fcomments&post=61160"}],"version-history":[{"count":0,"href":"https:\/\/masquenoticiastucuman.com.ar\/index.php?rest_route=\/wp\/v2\/posts\/61160\/revisions"}],"wp:featuredmedia":[{"embeddable":true,"href":"https:\/\/masquenoticiastucuman.com.ar\/index.php?rest_route=\/wp\/v2\/media\/61161"}],"wp:attachment":[{"href":"https:\/\/masquenoticiastucuman.com.ar\/index.php?rest_route=%2Fwp%2Fv2%2Fmedia&parent=61160"}],"wp:term":[{"taxonomy":"category","embeddable":true,"href":"https:\/\/masquenoticiastucuman.com.ar\/index.php?rest_route=%2Fwp%2Fv2%2Fcategories&post=61160"},{"taxonomy":"post_tag","embeddable":true,"href":"https:\/\/masquenoticiastucuman.com.ar\/index.php?rest_route=%2Fwp%2Fv2%2Ftags&post=61160"}],"curies":[{"name":"wp","href":"https:\/\/api.w.org\/{rel}","templated":true}]}}